{"id":2498,"date":"2025-12-15T14:28:05","date_gmt":"2025-12-15T13:28:05","guid":{"rendered":"https:\/\/chaletararatmegeve.com\/fr\/?p=2498"},"modified":"2026-01-16T16:10:36","modified_gmt":"2026-01-16T15:10:36","slug":"la-table-de-marc-veyrat-mallory-gabsi-a-major-gastronomic-event-in-megeve","status":"publish","type":"post","link":"https:\/\/chaletararatmegeve.com\/en\/la-table-de-marc-veyrat-mallory-gabsi-un-evenement-gastronomique-majeur-a-megeve\/","title":{"rendered":"La table de Marc Veyrat &amp; Mallory Gabsi, a major gastronomic event in Meg\u00e8ve"},"content":{"rendered":"<div class=\"automation-post\">\n<h1 id=\"-la-table-de-marc-veyrat-mallory-gabsi-un-v-nement-gastronomique-majeur-meg-ve-\"><strong>La table de Marc Veyrat &amp; Mallory Gabsi: a major gastronomic event in Meg\u00e8ve<\/strong><\/h1>\n<p>Le <strong>4 December 2025<\/strong> marks the opening of a <strong>exceptional restaurant<\/strong> in the heart of Meg\u00e8ve. <strong>The Table of Marc Veyrat &amp; Mallory Gabsi<\/strong> reunites <strong>two generations of chefs<\/strong> around a shared vision of <strong>mountain gastronomy<\/strong>. This unprecedented collaboration promises to redefine the culinary experience in the Alps, by offering a new way to enjoy a meal in the Alps. <strong>emotional cuisine<\/strong> focused on <strong>wild herbs<\/strong> and high altitude products.<\/p>\n<p>For guests of the <strong>Chalet Ararat<\/strong>, This opening is a remarkable opportunity to enrich their stay in Meg\u00e8ve with a range of activities. <strong>an exceptional gastronomic experience<\/strong>, Just a few minutes from the chalet.<\/p>\n<h2 id=\"-une-rencontre-entre-deux-univers-culinaires-\"><strong>A meeting of two culinary worlds<\/strong><\/h2>\n<h3 id=\"-marc-veyrat-le-druide-des-montagnes-\"><strong>Marc Veyrat : The mountain druid<\/strong><\/h3>\n<p>Marc Veyrat embodies a <strong>living legend of French gastronomy<\/strong>. Born in Annecy in 1950, he remains the <strong>only French chef<\/strong> to have obtained twice <strong>three stars in the Michelin Guide<\/strong> and twice the <strong>maximum score of 20\/20 in Gault &amp; Millau<\/strong>. Its culinary philosophy, based on respect for nature and the use of local produce, is a true masterpiece. <strong>wild herbs<\/strong>, made him a precursor of the <strong>vegetarian and naturalist cuisine<\/strong>.<\/p>\n<p>From his beginnings at La Ferme de mon P\u00e8re to La Maison des Bois, Marc Veyrat has never ceased to use the mountains as a source of inspiration. This return to Meg\u00e8ve is part of his ongoing commitment to a sustainable development. <strong>sincere cooking<\/strong>, respectful of the environment and deeply rooted in the community. <strong>Savoyard terroir<\/strong>.<\/p>\n<h3 id=\"-mallory-gabsi-la-jeune-garde-talentueuse-\"><strong>Mallory Gabsi: The talented young guard<\/strong><\/h3>\n<p>Opposite him, Mallory Gabsi represents the creative energy of a new generation. Born in Brussels in 1996, this <strong>28-year-old chef<\/strong> came to public attention when he took part in <strong>Top Chef in 2020<\/strong>. Two years later, he opened his eponymous restaurant in the 17th arrondissement of Paris, which quickly won him a top award. <strong>Michelin star<\/strong> and the <strong>Prix du Jeune Chef in 2023<\/strong>.<\/p>\n<p>Its instinctive and generous cuisine places the <strong>product at the centre<\/strong> of each creation. Mallory Gabsi cultivates a no-holds-barred approach to haute cuisine, where <strong>rigorous technique<\/strong> and <strong>genuine emotion<\/strong> are united in the same quest for excellence.<\/p>\n<h3 id=\"-une-alchimie-interg-n-rationnelle-\"><strong>Intergenerational chemistry<\/strong><\/h3>\n<p>The meeting between these two leaders bears witness to a <strong>mutual admiration<\/strong> and a shared desire to pass on the legacy. At the age of 75, Marc Veyrat is reaching out to the younger generation by welcoming Mallory Gabsi and part of his brigade for the entire winter season. This collaboration is based on a shared philosophy centred on nature, the sensitivity of flavours and the emotion of textures.<\/p>\n<h2 id=\"-une-gastronomie-motionnelle-autour-des-herbes-sauvages-\"><strong>Emotional gastronomy with wild herbs<\/strong><\/h2>\n<h3 id=\"-le-grand-d-ner-improbable-\"><strong>Le <em>Grand D\u00eener Improbable<\/em><\/strong><\/h3>\n<p>The restaurant's flagship offer is an exceptional menu available from Thursday to Saturday evenings. The <strong><em>Grand D\u00eener Improbable<\/em><\/strong> consists of <strong>seven culinary creations<\/strong> imagined by the two chefs. Price from <strong>450 euros per guest<\/strong>, excluding drinks.<\/p>\n<p>Each dish evokes a walk through undergrowth and mountain pastures. The <strong>wild herbs picked nearby<\/strong> by the teams at dawn inspire daring creations. <strong>Willowherb, fireweed and humus<\/strong> flavour kitchens and find their place in innovative preparations that reinvent mountain gastronomy.<\/p>\n<p>Among the creations announced are evocative dishes such as\u2019<strong>three-hour egg with undergrowth aromas<\/strong>the <strong>warm foie gras with fragrant myrrh<\/strong>, the <strong>crayfish with Termignon blue cheese<\/strong> or the <strong>21st century tartiflette<\/strong>. La <strong>pine cone, smoked for real<\/strong>, is a perfect illustration of the duo's bold creativity.<\/p>\n<h3 id=\"-le-d-jeuner-routier-gastronomique-\"><strong>Le <em>Gastronomic roadside lunch<\/em><\/strong><\/h3>\n<p>For a more accessible experience, the restaurant also offers a <strong><em>Gastronomic roadside lunch<\/em><\/strong> Friday and Saturday lunchtimes. This menu in <strong>three culinary creations<\/strong> is offered to <strong>140 euros per guest<\/strong>, excluding drinks.<\/p>\n<p>This formula allows you to discover the world of the two chefs in a more condensed format, while retaining the exacting standards and creativity that characterise their shared cuisine.<\/p>\n<h3 id=\"-la-cuisine-de-l-tre-une-exp-rience-de-sorcellerie-en-vert-et-noir-\"><strong>The kitchen of l'\u00c2tre, an experience of \u201c<em>witchcraft in green and black<\/em>\u201d<\/strong><\/h3>\n<p>On Sunday evening, the experience is transformed. <strong>Christine Heckler Veyrat<\/strong>, the innkeeper and wife of Marc Veyrat, orchestra <strong>La Cuisine de l'\u00c2tre<\/strong> with the two chefs. In the intimacy of the fire, between <strong>embers and ashes<\/strong>, It offers a menu in <strong>four creations<\/strong> \u00e0 <strong>240 euros per guest<\/strong>.<\/p>\n<p>This <strong>kitchen as close as possible to the elements<\/strong> rediscovers the original gestures of cooking. Flames, smoke and ashes mark an instinctive, contemplative approach that extends the spirit of the house in an atmosphere of warmth and rediscovered slowness.<\/p>\n<h2 id=\"-un-lieu-intimiste-au-c-ur-de-meg-ve-\"><strong>An intimate setting in the heart of Meg\u00e8ve<\/strong><\/h2>\n<h3 id=\"-l-adresse-et-l-ambiance-\"><strong>The address and atmosphere<\/strong><\/h3>\n<p>La Table de Marc Veyrat &amp; Mallory Gabsi moves to the <strong>539 chemin des \u00c2nes<\/strong>, in the restaurant <strong>High Definition Cooking<\/strong>, in the immediate vicinity of the centre of Meg\u00e8ve. The site is designed <strong>intimate and immersive<\/strong>, designed to offer <strong>complete sensory experience<\/strong> where guests are transported into the world of the two chefs.<\/p>\n<p>The establishment cultivates an atmosphere where <strong>nature on your plate<\/strong> and in spirit. Each dinner is conceived as a <strong>emotional exploration<\/strong>, a <strong>symphony of the senses<\/strong> that combines personal memories and tasty discoveries.<\/p>\n<h3 id=\"-les-logis-des-amoureux-ou-des-amis-\"><strong>Lovers' or Friends' Lodgings<\/strong><\/h3>\n<p>To extend the experience, the venue offers a number of <strong>top-of-the-range guest rooms<\/strong>. The <strong>Lovers' or Friends' Lodgings<\/strong> invite you to relax in a decor of\u2019<strong>Savoyard folk art reinvented<\/strong>.<\/p>\n<p>From <strong>750 euros per night<\/strong>, In the heart of the Alps, this accommodation offers 21st century comfort while respecting local materials and traditions: fine wood, alpine fabrics and a cosy atmosphere.<\/p>\n<h2 id=\"-informations-pratiques-\"><strong>Practical information<\/strong><\/h2>\n<h3 id=\"-les-horaires-d-ouverture-\"><strong>Opening times<\/strong><\/h3>\n<p><strong>Winter season 2025-2026 :<\/strong> From <strong>4 December 2025<\/strong> at <strong>5 April 2026<\/strong><\/p>\n<p><strong>Opening days :<\/strong><\/p>\n<ul>\n<li>Thursday, Friday and Saturday : <strong>Grand D\u00eener Improbable<\/strong> (evening)<\/li>\n<li>Friday and Saturday : <strong>Gastronomic roadside lunch<\/strong> (noon)<\/li>\n<li>Sunday: <strong>Cuisine de l'\u00c2tre<\/strong> (evening)<\/li>\n<\/ul>\n<p>The restaurant also offers <strong>privatisations on request<\/strong> for other days of the week.<\/p>\n<h3 id=\"-r-servation-\"><strong>Reservation<\/strong><\/h3>\n<p>Given the exceptional nature of this collaboration and the limited number of places available, we strongly recommend that you book in advance. Bookings can be made via the official website or by telephone.<\/p>\n<p>Contact: 06 75 85 13 88 Website: <a href=\"http:\/\/www.marcveyrat.fr\/\" target=\"_blank\" rel=\"noopener\">www.marcveyrat.fr<\/a><\/p>\n<h3 id=\"-tarifs-\"><strong>Rates<\/strong><\/h3>\n<table>\n<thead>\n<tr>\n<th><strong>Formula<\/strong><\/th>\n<th><strong>Moment<\/strong><\/th>\n<th><strong>Creations<\/strong><\/th>\n<th><strong>Rate<\/strong><\/th>\n<\/tr>\n<\/thead>\n<tbody>\n<tr>\n<td>Grand D\u00eener Improbable<\/td>\n<td>Thursday, Friday, Saturday evenings<\/td>\n<td>7 dishes<\/td>\n<td>450 \u20ac<\/td>\n<\/tr>\n<tr>\n<td>Gastronomic roadside lunch<\/td>\n<td>Friday, Saturday lunchtime<\/td>\n<td>3 courses<\/td>\n<td>140 \u20ac<\/td>\n<\/tr>\n<tr>\n<td>Cuisine de l'\u00c2tre<\/td>\n<td>Sunday evening<\/td>\n<td>4 courses<\/td>\n<td>240 \u20ac<\/td>\n<\/tr>\n<\/tbody>\n<\/table>\n<p><em>Rates per guest, excluding drinks<\/em><\/p>\n<h2 id=\"-la-philosophie-proposer-une-cuisine-en-harmonie-avec-la-nature-\"><strong>Philosophy: To offer cuisine in harmony with nature<\/strong><\/h2>\n<h3 id=\"-la-cueillette-matinale-\"><strong>Early-morning picking<\/strong><\/h3>\n<p>Every morning at dawn, Marc Veyrat and Mallory Gabsi's teams scour the <strong>surrounding undergrowth and meadows<\/strong> to collect <strong>wild herbs<\/strong> that will perfume the creations of the day. <strong>Willowherb, Fireweed, Fireweed<\/strong> These plants, little known to the general public, are transformed by the expert hands of chefs into <strong>core elements<\/strong> extraordinary dishes.<\/p>\n<p>This approach reflects a <strong>deep respect for nature<\/strong> and a desire to work only with products of the highest quality. <strong>absolute freshness<\/strong>, picked just a few steps from the kitchen.<\/p>\n<h3 id=\"-une-d-marche-locale-et-naturelle-\"><strong>A local and natural approach<\/strong><\/h3>\n<p>The restaurant's philosophy is based on a genuine approach to enhancing the value of the <strong>local terroir<\/strong>. Both chefs favour <strong>short circuits<\/strong>, the <strong>regional producers<\/strong> and <strong>high altitude products<\/strong> that make up the gastronomic wealth of Savoie.<\/p>\n<p>This approach <strong>organic and natural<\/strong> corresponds to the expectations of a demanding clientele, concerned about the environment.\u2019<strong>origin of products<\/strong> and the\u2019<strong>environmental impact<\/strong> of its food.<\/p>\n<h3 id=\"-une-gastronomie-motionnelle-\"><strong>Emotional gastronomy<\/strong><\/h3>\n<p>In addition to their impeccable technique and the exceptional quality of their products, Marc Veyrat and Mallory Gabsi offer a <strong>cuisine that speaks to the emotions<\/strong>. Each dish evokes memories, creates sensations and tells a story. The experience goes beyond the simple meal to become a <strong>a moment of sharing and contemplation<\/strong>.<\/p>\n<p><strong>A long-awaited opening for the gastronomic scene<\/strong><\/p>\n<h3 id=\"-un-v-nement-majeur-pour-meg-ve-\"><strong>A major event for Meg\u00e8ve<\/strong><\/h3>\n<p>The installation of this exceptional collaboration is a major event for the Meg\u00e8ve resort and for the whole region. The <strong>Marc Veyrat and Mallory Gabsi in attendance at the same time<\/strong> is attracting the attention of the national and international gastronomic media.<\/p>\n<p>This visibility reinforces Meg\u00e8ve's appeal as a top gastronomic destination, over and above its established reputation as a luxury ski resort.<\/p>\n<h3 id=\"-une-saison-hivernale-enrichie-\"><strong>An enriched winter season<\/strong><\/h3>\n<p>For the 2025-2026 winter season, <strong>this opening considerably enriches the\u2019<a href=\"https:\/\/chaletararatmegeve.com\/en\/megeves-not-to-be-missed-restaurants\/\">the region's culinary offering<\/a>.<\/strong> Visitors can now discover a unique cuisine, the fruit of a meeting between Savoyard tradition and contemporary creativity.<\/p>\n<p>This temporary table creates a sense of urgency and exclusivity: the experience will only be available for a few months, reinforcing its exceptional character.<\/p>\n<h2 id=\"-faq-\"><strong>FAQ<\/strong><\/h2>\n<p><strong>When does La Table de Marc Veyrat &amp; Mallory Gabsi open?<\/strong> The restaurant opens its doors on 4 December 2025 for the winter season, until 5 April 2026.<\/p>\n<p><strong>When is the restaurant open?<\/strong> La Table is open from Thursday to Sunday, with different formulas depending on the day: Grand D\u00eener Improbable on Thursday, Friday and Saturday evenings; D\u00e9jeuner Routier Gastronomique on Friday and Saturday lunchtimes; Cuisine de l'\u00c2tre on Sunday evenings.<\/p>\n<p><strong>How much do the menus cost?<\/strong> The Grand D\u00eener Improbable costs 450 euros per person (7 creations), the D\u00e9jeuner Routier Gastronomique 140 euros (3 creations), and the Cuisine de l'\u00c2tre 240 euros (4 creations). Drinks are not included.<\/p>\n<p><strong>Can the restaurant be reserved for groups?<\/strong> Yes, the restaurant accepts private parties. Please contact the establishment directly to discuss arrangements and availability.<\/p>\n<p><strong>Where exactly is the restaurant located?<\/strong> La Table de Marc Veyrat &amp; Mallory Gabsi is located at 539 chemin des \u00c2nes in Meg\u00e8ve, in the Cuisine Haute D\u00e9finition restaurant, close to the town centre.<\/p>\n<p><strong>Does the restaurant offer accommodation?<\/strong> Yes, the site has guest rooms called Les Logis des Amoureux or Les Logis des Amis, from \u20ac750 per night.<\/p>\n<p><strong>What is the restaurant's culinary philosophy?<\/strong> The cuisine focuses on wild high altitude herbs, local organic produce and an emotional approach to gastronomy. Every morning, the teams pick the herbs that will go into the dishes of the day.<\/p>\n<p><strong>How do I book a table?<\/strong> Bookings can be made via www.marcveyrat.fr or by telephone on 06 75 85 13 88. We recommend that you book several weeks in advance.<\/p>\n<\/div>","protected":false},"excerpt":{"rendered":"<p>Discover La Table de Marc Veyrat &amp; Mallory Gabsi, the new gastronomic restaurant in Meg\u00e8ve. Opening December 2025. High-definition cuisine and culinary emotions.<\/p>","protected":false},"author":6,"featured_media":2497,"comment_status":"closed","ping_status":"open","sticky":false,"template":"","format":"standard","meta":{"footnotes":""},"categories":[47],"tags":[],"class_list":["post-2498","post","type-post","status-publish","format-standard","has-post-thumbnail","hentry","category-restauration"],"yoast_head":"<!-- This site is optimized with the Yoast SEO plugin v27.3 - https:\/\/yoast.com\/product\/yoast-seo-wordpress\/ -->\n<title>La table de Marc Veyrat &amp; Mallory Gabsi, un \u00e9v\u00e9nement gastronomique majeur \u00e0 Meg\u00e8ve - Chalet Ararat<\/title>\n<meta name=\"robots\" content=\"index, follow, max-snippet:-1, max-image-preview:large, max-video-preview:-1\" \/>\n<link rel=\"canonical\" href=\"https:\/\/chaletararatmegeve.com\/en\/la-table-de-marc-veyrat-mallory-gabsi-a-major-gastronomic-event-in-megeve\/\" \/>\n<meta property=\"og:locale\" content=\"en_GB\" \/>\n<meta property=\"og:type\" content=\"article\" \/>\n<meta property=\"og:title\" content=\"La table de Marc Veyrat &amp; Mallory Gabsi, un \u00e9v\u00e9nement gastronomique majeur \u00e0 Meg\u00e8ve - Chalet Ararat\" \/>\n<meta property=\"og:description\" content=\"D\u00e9couvrez La Table de Marc Veyrat &amp; Mallory Gabsi, le nouveau restaurant gastronomique de Meg\u00e8ve. Ouverture D\u00e9cembre 2025. Cuisine haute d\u00e9finition et \u00e9motions culinaires.\" \/>\n<meta property=\"og:url\" content=\"https:\/\/chaletararatmegeve.com\/en\/la-table-de-marc-veyrat-mallory-gabsi-a-major-gastronomic-event-in-megeve\/\" \/>\n<meta property=\"og:site_name\" content=\"Chalet Ararat\" \/>\n<meta property=\"article:published_time\" content=\"2025-12-15T13:28:05+00:00\" \/>\n<meta property=\"article:modified_time\" content=\"2026-01-16T15:10:36+00:00\" \/>\n<meta property=\"og:image\" content=\"https:\/\/chaletararatmegeve.com\/wp-content\/uploads\/2025\/12\/file-2.webp\" \/>\n\t<meta property=\"og:image:width\" content=\"2048\" \/>\n\t<meta property=\"og:image:height\" content=\"1366\" \/>\n\t<meta property=\"og:image:type\" content=\"image\/webp\" \/>\n<meta name=\"author\" content=\"Alexandre\" \/>\n<meta name=\"twitter:card\" content=\"summary_large_image\" \/>\n<meta name=\"twitter:label1\" content=\"Written by\" \/>\n\t<meta name=\"twitter:data1\" content=\"Alexandre\" \/>\n\t<meta name=\"twitter:label2\" content=\"Estimated reading time\" \/>\n\t<meta name=\"twitter:data2\" content=\"9 minutes\" \/>\n<script type=\"application\/ld+json\" class=\"yoast-schema-graph\">{\"@context\":\"https:\\\/\\\/schema.org\",\"@graph\":[{\"@type\":\"Article\",\"@id\":\"https:\\\/\\\/chaletararatmegeve.com\\\/la-table-de-marc-veyrat-mallory-gabsi-un-evenement-gastronomique-majeur-a-megeve\\\/#article\",\"isPartOf\":{\"@id\":\"https:\\\/\\\/chaletararatmegeve.com\\\/la-table-de-marc-veyrat-mallory-gabsi-un-evenement-gastronomique-majeur-a-megeve\\\/\"},\"author\":{\"name\":\"Alexandre\",\"@id\":\"https:\\\/\\\/chaletararatmegeve.com\\\/fr\\\/#\\\/schema\\\/person\\\/552ec7b445baf03ed62e6c37e77e2a98\"},\"headline\":\"La table de Marc Veyrat &#038; Mallory Gabsi, un \u00e9v\u00e9nement gastronomique majeur \u00e0 Meg\u00e8ve\",\"datePublished\":\"2025-12-15T13:28:05+00:00\",\"dateModified\":\"2026-01-16T15:10:36+00:00\",\"mainEntityOfPage\":{\"@id\":\"https:\\\/\\\/chaletararatmegeve.com\\\/la-table-de-marc-veyrat-mallory-gabsi-un-evenement-gastronomique-majeur-a-megeve\\\/\"},\"wordCount\":1817,\"publisher\":{\"@id\":\"https:\\\/\\\/chaletararatmegeve.com\\\/fr\\\/#organization\"},\"image\":{\"@id\":\"https:\\\/\\\/chaletararatmegeve.com\\\/la-table-de-marc-veyrat-mallory-gabsi-un-evenement-gastronomique-majeur-a-megeve\\\/#primaryimage\"},\"thumbnailUrl\":\"https:\\\/\\\/chaletararatmegeve.com\\\/wp-content\\\/uploads\\\/2025\\\/12\\\/file-2.webp\",\"articleSection\":[\"Restauration\"],\"inLanguage\":\"en-GB\"},{\"@type\":\"WebPage\",\"@id\":\"https:\\\/\\\/chaletararatmegeve.com\\\/la-table-de-marc-veyrat-mallory-gabsi-un-evenement-gastronomique-majeur-a-megeve\\\/\",\"url\":\"https:\\\/\\\/chaletararatmegeve.com\\\/la-table-de-marc-veyrat-mallory-gabsi-un-evenement-gastronomique-majeur-a-megeve\\\/\",\"name\":\"La table de Marc Veyrat & Mallory Gabsi, un \u00e9v\u00e9nement gastronomique majeur \u00e0 Meg\u00e8ve - Chalet Ararat\",\"isPartOf\":{\"@id\":\"https:\\\/\\\/chaletararatmegeve.com\\\/fr\\\/#website\"},\"primaryImageOfPage\":{\"@id\":\"https:\\\/\\\/chaletararatmegeve.com\\\/la-table-de-marc-veyrat-mallory-gabsi-un-evenement-gastronomique-majeur-a-megeve\\\/#primaryimage\"},\"image\":{\"@id\":\"https:\\\/\\\/chaletararatmegeve.com\\\/la-table-de-marc-veyrat-mallory-gabsi-un-evenement-gastronomique-majeur-a-megeve\\\/#primaryimage\"},\"thumbnailUrl\":\"https:\\\/\\\/chaletararatmegeve.com\\\/wp-content\\\/uploads\\\/2025\\\/12\\\/file-2.webp\",\"datePublished\":\"2025-12-15T13:28:05+00:00\",\"dateModified\":\"2026-01-16T15:10:36+00:00\",\"breadcrumb\":{\"@id\":\"https:\\\/\\\/chaletararatmegeve.com\\\/la-table-de-marc-veyrat-mallory-gabsi-un-evenement-gastronomique-majeur-a-megeve\\\/#breadcrumb\"},\"inLanguage\":\"en-GB\",\"potentialAction\":[{\"@type\":\"ReadAction\",\"target\":[\"https:\\\/\\\/chaletararatmegeve.com\\\/la-table-de-marc-veyrat-mallory-gabsi-un-evenement-gastronomique-majeur-a-megeve\\\/\"]}]},{\"@type\":\"ImageObject\",\"inLanguage\":\"en-GB\",\"@id\":\"https:\\\/\\\/chaletararatmegeve.com\\\/la-table-de-marc-veyrat-mallory-gabsi-un-evenement-gastronomique-majeur-a-megeve\\\/#primaryimage\",\"url\":\"https:\\\/\\\/chaletararatmegeve.com\\\/wp-content\\\/uploads\\\/2025\\\/12\\\/file-2.webp\",\"contentUrl\":\"https:\\\/\\\/chaletararatmegeve.com\\\/wp-content\\\/uploads\\\/2025\\\/12\\\/file-2.webp\",\"width\":2048,\"height\":1366,\"caption\":\"file-1-2048x1366.webp\"},{\"@type\":\"BreadcrumbList\",\"@id\":\"https:\\\/\\\/chaletararatmegeve.com\\\/la-table-de-marc-veyrat-mallory-gabsi-un-evenement-gastronomique-majeur-a-megeve\\\/#breadcrumb\",\"itemListElement\":[{\"@type\":\"ListItem\",\"position\":1,\"name\":\"Accueil\",\"item\":\"https:\\\/\\\/chaletararatmegeve.com\\\/\"},{\"@type\":\"ListItem\",\"position\":2,\"name\":\"La table de Marc Veyrat &#038; Mallory Gabsi, un \u00e9v\u00e9nement gastronomique majeur \u00e0 Meg\u00e8ve\"}]},{\"@type\":\"WebSite\",\"@id\":\"https:\\\/\\\/chaletararatmegeve.com\\\/fr\\\/#website\",\"url\":\"https:\\\/\\\/chaletararatmegeve.com\\\/fr\\\/\",\"name\":\"Chalet Ararat\",\"description\":\"Luxury Chalet in Meg\u00e8ve\",\"publisher\":{\"@id\":\"https:\\\/\\\/chaletararatmegeve.com\\\/fr\\\/#organization\"},\"potentialAction\":[{\"@type\":\"SearchAction\",\"target\":{\"@type\":\"EntryPoint\",\"urlTemplate\":\"https:\\\/\\\/chaletararatmegeve.com\\\/fr\\\/?s={search_term_string}\"},\"query-input\":{\"@type\":\"PropertyValueSpecification\",\"valueRequired\":true,\"valueName\":\"search_term_string\"}}],\"inLanguage\":\"en-GB\"},{\"@type\":\"Organization\",\"@id\":\"https:\\\/\\\/chaletararatmegeve.com\\\/fr\\\/#organization\",\"name\":\"Chalet Ararat\",\"url\":\"https:\\\/\\\/chaletararatmegeve.com\\\/fr\\\/\",\"logo\":{\"@type\":\"ImageObject\",\"inLanguage\":\"en-GB\",\"@id\":\"https:\\\/\\\/chaletararatmegeve.com\\\/fr\\\/#\\\/schema\\\/logo\\\/image\\\/\",\"url\":\"https:\\\/\\\/chaletararatmegeve.com\\\/wp-content\\\/uploads\\\/2024\\\/05\\\/chalet-ararat-logotype-or.svg\",\"contentUrl\":\"https:\\\/\\\/chaletararatmegeve.com\\\/wp-content\\\/uploads\\\/2024\\\/05\\\/chalet-ararat-logotype-or.svg\",\"width\":147,\"height\":47,\"caption\":\"Chalet Ararat\"},\"image\":{\"@id\":\"https:\\\/\\\/chaletararatmegeve.com\\\/fr\\\/#\\\/schema\\\/logo\\\/image\\\/\"}},{\"@type\":\"Person\",\"@id\":\"https:\\\/\\\/chaletararatmegeve.com\\\/fr\\\/#\\\/schema\\\/person\\\/552ec7b445baf03ed62e6c37e77e2a98\",\"name\":\"Alexandre\",\"image\":{\"@type\":\"ImageObject\",\"inLanguage\":\"en-GB\",\"@id\":\"https:\\\/\\\/secure.gravatar.com\\\/avatar\\\/55244ddfeff4d10a2b06e42cb797fe918a336105b82b6f5201a3a07b1e4df8f9?s=96&d=mm&r=g\",\"url\":\"https:\\\/\\\/secure.gravatar.com\\\/avatar\\\/55244ddfeff4d10a2b06e42cb797fe918a336105b82b6f5201a3a07b1e4df8f9?s=96&d=mm&r=g\",\"contentUrl\":\"https:\\\/\\\/secure.gravatar.com\\\/avatar\\\/55244ddfeff4d10a2b06e42cb797fe918a336105b82b6f5201a3a07b1e4df8f9?s=96&d=mm&r=g\",\"caption\":\"Alexandre\"},\"url\":\"https:\\\/\\\/chaletararatmegeve.com\\\/en\"}]}<\/script>\n<!-- \/ Yoast SEO plugin. -->","yoast_head_json":{"title":"Marc Veyrat &amp; Mallory Gabsi's table, a major gastronomic event in Meg\u00e8ve - Chalet Ararat","robots":{"index":"index","follow":"follow","max-snippet":"max-snippet:-1","max-image-preview":"max-image-preview:large","max-video-preview":"max-video-preview:-1"},"canonical":"https:\/\/chaletararatmegeve.com\/en\/la-table-de-marc-veyrat-mallory-gabsi-a-major-gastronomic-event-in-megeve\/","og_locale":"en_GB","og_type":"article","og_title":"La table de Marc Veyrat & Mallory Gabsi, un \u00e9v\u00e9nement gastronomique majeur \u00e0 Meg\u00e8ve - Chalet Ararat","og_description":"D\u00e9couvrez La Table de Marc Veyrat & Mallory Gabsi, le nouveau restaurant gastronomique de Meg\u00e8ve. Ouverture D\u00e9cembre 2025. Cuisine haute d\u00e9finition et \u00e9motions culinaires.","og_url":"https:\/\/chaletararatmegeve.com\/en\/la-table-de-marc-veyrat-mallory-gabsi-a-major-gastronomic-event-in-megeve\/","og_site_name":"Chalet Ararat","article_published_time":"2025-12-15T13:28:05+00:00","article_modified_time":"2026-01-16T15:10:36+00:00","og_image":[{"width":2048,"height":1366,"url":"https:\/\/chaletararatmegeve.com\/wp-content\/uploads\/2025\/12\/file-2.webp","type":"image\/webp"}],"author":"Alexandre","twitter_card":"summary_large_image","twitter_misc":{"Written by":"Alexandre","Estimated reading time":"9 minutes"},"schema":{"@context":"https:\/\/schema.org","@graph":[{"@type":"Article","@id":"https:\/\/chaletararatmegeve.com\/la-table-de-marc-veyrat-mallory-gabsi-un-evenement-gastronomique-majeur-a-megeve\/#article","isPartOf":{"@id":"https:\/\/chaletararatmegeve.com\/la-table-de-marc-veyrat-mallory-gabsi-un-evenement-gastronomique-majeur-a-megeve\/"},"author":{"name":"Alexandre","@id":"https:\/\/chaletararatmegeve.com\/fr\/#\/schema\/person\/552ec7b445baf03ed62e6c37e77e2a98"},"headline":"La table de Marc Veyrat &#038; Mallory Gabsi, un \u00e9v\u00e9nement gastronomique majeur \u00e0 Meg\u00e8ve","datePublished":"2025-12-15T13:28:05+00:00","dateModified":"2026-01-16T15:10:36+00:00","mainEntityOfPage":{"@id":"https:\/\/chaletararatmegeve.com\/la-table-de-marc-veyrat-mallory-gabsi-un-evenement-gastronomique-majeur-a-megeve\/"},"wordCount":1817,"publisher":{"@id":"https:\/\/chaletararatmegeve.com\/fr\/#organization"},"image":{"@id":"https:\/\/chaletararatmegeve.com\/la-table-de-marc-veyrat-mallory-gabsi-un-evenement-gastronomique-majeur-a-megeve\/#primaryimage"},"thumbnailUrl":"https:\/\/chaletararatmegeve.com\/wp-content\/uploads\/2025\/12\/file-2.webp","articleSection":["Restauration"],"inLanguage":"en-GB"},{"@type":"WebPage","@id":"https:\/\/chaletararatmegeve.com\/la-table-de-marc-veyrat-mallory-gabsi-un-evenement-gastronomique-majeur-a-megeve\/","url":"https:\/\/chaletararatmegeve.com\/la-table-de-marc-veyrat-mallory-gabsi-un-evenement-gastronomique-majeur-a-megeve\/","name":"Marc Veyrat &amp; Mallory Gabsi's table, a major gastronomic event in Meg\u00e8ve - Chalet Ararat","isPartOf":{"@id":"https:\/\/chaletararatmegeve.com\/fr\/#website"},"primaryImageOfPage":{"@id":"https:\/\/chaletararatmegeve.com\/la-table-de-marc-veyrat-mallory-gabsi-un-evenement-gastronomique-majeur-a-megeve\/#primaryimage"},"image":{"@id":"https:\/\/chaletararatmegeve.com\/la-table-de-marc-veyrat-mallory-gabsi-un-evenement-gastronomique-majeur-a-megeve\/#primaryimage"},"thumbnailUrl":"https:\/\/chaletararatmegeve.com\/wp-content\/uploads\/2025\/12\/file-2.webp","datePublished":"2025-12-15T13:28:05+00:00","dateModified":"2026-01-16T15:10:36+00:00","breadcrumb":{"@id":"https:\/\/chaletararatmegeve.com\/la-table-de-marc-veyrat-mallory-gabsi-un-evenement-gastronomique-majeur-a-megeve\/#breadcrumb"},"inLanguage":"en-GB","potentialAction":[{"@type":"ReadAction","target":["https:\/\/chaletararatmegeve.com\/la-table-de-marc-veyrat-mallory-gabsi-un-evenement-gastronomique-majeur-a-megeve\/"]}]},{"@type":"ImageObject","inLanguage":"en-GB","@id":"https:\/\/chaletararatmegeve.com\/la-table-de-marc-veyrat-mallory-gabsi-un-evenement-gastronomique-majeur-a-megeve\/#primaryimage","url":"https:\/\/chaletararatmegeve.com\/wp-content\/uploads\/2025\/12\/file-2.webp","contentUrl":"https:\/\/chaletararatmegeve.com\/wp-content\/uploads\/2025\/12\/file-2.webp","width":2048,"height":1366,"caption":"file-1-2048x1366.webp"},{"@type":"BreadcrumbList","@id":"https:\/\/chaletararatmegeve.com\/la-table-de-marc-veyrat-mallory-gabsi-un-evenement-gastronomique-majeur-a-megeve\/#breadcrumb","itemListElement":[{"@type":"ListItem","position":1,"name":"Accueil","item":"https:\/\/chaletararatmegeve.com\/"},{"@type":"ListItem","position":2,"name":"La table de Marc Veyrat &#038; Mallory Gabsi, un \u00e9v\u00e9nement gastronomique majeur \u00e0 Meg\u00e8ve"}]},{"@type":"WebSite","@id":"https:\/\/chaletararatmegeve.com\/fr\/#website","url":"https:\/\/chaletararatmegeve.com\/fr\/","name":"Chalet Ararat","description":"Luxury Chalet in Meg\u00e8ve","publisher":{"@id":"https:\/\/chaletararatmegeve.com\/fr\/#organization"},"potentialAction":[{"@type":"SearchAction","target":{"@type":"EntryPoint","urlTemplate":"https:\/\/chaletararatmegeve.com\/fr\/?s={search_term_string}"},"query-input":{"@type":"PropertyValueSpecification","valueRequired":true,"valueName":"search_term_string"}}],"inLanguage":"en-GB"},{"@type":"Organization","@id":"https:\/\/chaletararatmegeve.com\/fr\/#organization","name":"Chalet Ararat","url":"https:\/\/chaletararatmegeve.com\/fr\/","logo":{"@type":"ImageObject","inLanguage":"en-GB","@id":"https:\/\/chaletararatmegeve.com\/fr\/#\/schema\/logo\/image\/","url":"https:\/\/chaletararatmegeve.com\/wp-content\/uploads\/2024\/05\/chalet-ararat-logotype-or.svg","contentUrl":"https:\/\/chaletararatmegeve.com\/wp-content\/uploads\/2024\/05\/chalet-ararat-logotype-or.svg","width":147,"height":47,"caption":"Chalet Ararat"},"image":{"@id":"https:\/\/chaletararatmegeve.com\/fr\/#\/schema\/logo\/image\/"}},{"@type":"Person","@id":"https:\/\/chaletararatmegeve.com\/fr\/#\/schema\/person\/552ec7b445baf03ed62e6c37e77e2a98","name":"Alexandre","image":{"@type":"ImageObject","inLanguage":"en-GB","@id":"https:\/\/secure.gravatar.com\/avatar\/55244ddfeff4d10a2b06e42cb797fe918a336105b82b6f5201a3a07b1e4df8f9?s=96&d=mm&r=g","url":"https:\/\/secure.gravatar.com\/avatar\/55244ddfeff4d10a2b06e42cb797fe918a336105b82b6f5201a3a07b1e4df8f9?s=96&d=mm&r=g","contentUrl":"https:\/\/secure.gravatar.com\/avatar\/55244ddfeff4d10a2b06e42cb797fe918a336105b82b6f5201a3a07b1e4df8f9?s=96&d=mm&r=g","caption":"Alexandre"},"url":"https:\/\/chaletararatmegeve.com\/en"}]}},"_links":{"self":[{"href":"https:\/\/chaletararatmegeve.com\/en\/wp-json\/wp\/v2\/posts\/2498","targetHints":{"allow":["GET"]}}],"collection":[{"href":"https:\/\/chaletararatmegeve.com\/en\/wp-json\/wp\/v2\/posts"}],"about":[{"href":"https:\/\/chaletararatmegeve.com\/en\/wp-json\/wp\/v2\/types\/post"}],"author":[{"embeddable":true,"href":"https:\/\/chaletararatmegeve.com\/en\/wp-json\/wp\/v2\/users\/6"}],"replies":[{"embeddable":true,"href":"https:\/\/chaletararatmegeve.com\/en\/wp-json\/wp\/v2\/comments?post=2498"}],"version-history":[{"count":3,"href":"https:\/\/chaletararatmegeve.com\/en\/wp-json\/wp\/v2\/posts\/2498\/revisions"}],"predecessor-version":[{"id":2523,"href":"https:\/\/chaletararatmegeve.com\/en\/wp-json\/wp\/v2\/posts\/2498\/revisions\/2523"}],"wp:featuredmedia":[{"embeddable":true,"href":"https:\/\/chaletararatmegeve.com\/en\/wp-json\/wp\/v2\/media\/2497"}],"wp:attachment":[{"href":"https:\/\/chaletararatmegeve.com\/en\/wp-json\/wp\/v2\/media?parent=2498"}],"wp:term":[{"taxonomy":"category","embeddable":true,"href":"https:\/\/chaletararatmegeve.com\/en\/wp-json\/wp\/v2\/categories?post=2498"},{"taxonomy":"post_tag","embeddable":true,"href":"https:\/\/chaletararatmegeve.com\/en\/wp-json\/wp\/v2\/tags?post=2498"}],"curies":[{"name":"wp","href":"https:\/\/api.w.org\/{rel}","templated":true}]}}