{"id":1415,"date":"2024-10-16T23:25:17","date_gmt":"2024-10-16T21:25:17","guid":{"rendered":"https:\/\/chaletararatmegeve.com\/?p=1415"},"modified":"2025-08-26T15:44:16","modified_gmt":"2025-08-26T13:44:16","slug":"patrimoine-megeve-un-joyau-alpin-entre-tradition-et-modernite","status":"publish","type":"post","link":"https:\/\/chaletararatmegeve.com\/fr\/patrimoine-megeve-un-joyau-alpin-entre-tradition-et-modernite\/","title":{"rendered":"Patrimoine Meg\u00e8ve : Un joyau alpin entre tradition et modernit\u00e9"},"content":{"rendered":"<h1>Meg\u00e8ve : Un \u00e9crin de patrimoine alpin \u00e0 couper le souffle<\/h1>\n<p>Ah, Meg\u00e8ve ! Ce nom \u00e9voque instantan\u00e9ment l&rsquo;image d&rsquo;une station de ski chic et branch\u00e9e, n&rsquo;est-ce pas ? Mais saviez-vous que derri\u00e8re ses pistes enneig\u00e9es et ses boutiques de luxe se cache un patrimoine d&rsquo;une richesse insoup\u00e7onn\u00e9e ? Allez, enfilez vos apr\u00e8s-ski (ou vos baskets si vous pr\u00e9f\u00e9rez), on part \u00e0 la d\u00e9couverte de ce tr\u00e9sor alpin !\u00a0<\/p>\n<p>\t\t\t\t\t\t\t\t\t\t\t\t\t<img fetchpriority=\"high\" decoding=\"async\" width=\"800\" height=\"450\" src=\"https:\/\/chaletararatmegeve.com\/wp-content\/uploads\/2024\/10\/chalet-ararat-megeve-site-web-blog-article-megeve-un-ecrin-de-patrimoine-alpin-a-couper-le-souffle-1024x576.jpg\" alt=\"chalet-ararat-megeve-site-web-blog-article-megeve-un-ecrin-de-patrimoine-alpin-a-couper-le-souffle\" srcset=\"https:\/\/chaletararatmegeve.com\/wp-content\/uploads\/2024\/10\/chalet-ararat-megeve-site-web-blog-article-megeve-un-ecrin-de-patrimoine-alpin-a-couper-le-souffle-1024x576.jpg 1024w, https:\/\/chaletararatmegeve.com\/wp-content\/uploads\/2024\/10\/chalet-ararat-megeve-site-web-blog-article-megeve-un-ecrin-de-patrimoine-alpin-a-couper-le-souffle-300x169.jpg 300w, https:\/\/chaletararatmegeve.com\/wp-content\/uploads\/2024\/10\/chalet-ararat-megeve-site-web-blog-article-megeve-un-ecrin-de-patrimoine-alpin-a-couper-le-souffle-768x432.jpg 768w, https:\/\/chaletararatmegeve.com\/wp-content\/uploads\/2024\/10\/chalet-ararat-megeve-site-web-blog-article-megeve-un-ecrin-de-patrimoine-alpin-a-couper-le-souffle-1536x864.jpg 1536w, https:\/\/chaletararatmegeve.com\/wp-content\/uploads\/2024\/10\/chalet-ararat-megeve-site-web-blog-article-megeve-un-ecrin-de-patrimoine-alpin-a-couper-le-souffle-18x10.jpg 18w, https:\/\/chaletararatmegeve.com\/wp-content\/uploads\/2024\/10\/chalet-ararat-megeve-site-web-blog-article-megeve-un-ecrin-de-patrimoine-alpin-a-couper-le-souffle-1342x754.jpg 1342w, https:\/\/chaletararatmegeve.com\/wp-content\/uploads\/2024\/10\/chalet-ararat-megeve-site-web-blog-article-megeve-un-ecrin-de-patrimoine-alpin-a-couper-le-souffle.jpg 1920w\" sizes=\"(max-width: 800px) 100vw, 800px\" \/>\t\t\t\t\t\t\t\t\t\t\t\t\t<\/p>\n<h2>L&rsquo;\u00e9glise Saint-Jean-Baptiste : le c\u0153ur battant de Meg\u00e8ve depuis le 13e si\u00e8cle<\/h2>\n<p>Commen\u00e7ons notre balade par le <b>joyau de Meg\u00e8ve<\/b> : l&rsquo;\u00e9glise <a href=\"https:\/\/www.savoie-mont-blanc.com\/sites-culturels\/eglise-saint-jean-baptiste-206276\/\" target=\"_blank\" rel=\"noopener\">Saint-Jean-Baptiste<\/a>. Impossible de la rater, son clocher domine le village comme un phare au milieu de l&rsquo;oc\u00e9an. Sauf qu&rsquo;ici, l&rsquo;oc\u00e9an, c&rsquo;est plut\u00f4t une mer de <a href=\"https:\/\/chaletararatmegeve.com\/chalet-au-pied-des-pistes-a-megeve-le-luxe-a-portee-de-ski\/\" target=\"_blank\" rel=\"noopener\">chalets en bois<\/a> !<\/p>\n<h3>Un clocher qui en impose<\/h3>\n<p>Imaginez un peu : ce clocher, visible de loin, est l\u00e0 depuis le <b>13 \u00e8me si\u00e8cle<\/b>. Autant dire qu&rsquo;il a vu passer du monde ! Son toit en bardeaux lui donne un charme fou, comme s&rsquo;il portait un <b>chapeau de montagnard<\/b>.<\/p>\n<h3>Des fresques qui valent le d\u00e9tour<\/h3>\n<p>Mais le vrai tr\u00e9sor, il est \u00e0 l&rsquo;int\u00e9rieur. Les <strong>fresques<\/strong> du <strong>15 \u00e8me si\u00e8cle<\/strong> qui ornent les murs sont de v\u00e9ritables t\u00e9moins de l&rsquo;histoire locale. C&rsquo;est comme un livre d&rsquo;<strong>histoire grandeur nature<\/strong>, sauf qu&rsquo;ici, pas besoin de tourner les pages !<\/p>\n<p>L&rsquo;\u00e9glise Saint-Jean-Baptiste, \u00e9difice embl\u00e9matique, tr\u00f4ne fi\u00e8rement au c\u0153ur du village de Meg\u00e8ve.<\/p>\n<h2>Chapelles et hameaux : la foi chevill\u00e9e au corps (et au paysage)<\/h2>\n<p>Si vous pensiez que <a href=\"https:\/\/www.megeve-tourisme.fr\/\" target=\"_blank\" rel=\"noopener\">Meg\u00e8ve<\/a> n&rsquo;avait qu&rsquo;une seule \u00e9glise, d\u00e9trompez-vous ! Le village et ses environs sont parsem\u00e9s de <b>petites chapelles<\/b>, comme autant de points d&rsquo;exclamation dans le paysage.<\/p>\n<h3>Des chapelles \u00e0 tous les coins de rue (ou presque)<\/h3>\n<p>Ces chapelles, diss\u00e9min\u00e9es un peu partout, sont comme les <b>petites s\u0153urs de l&rsquo;\u00e9glise Saint-Jean-Baptiste<\/b>. Elles t\u00e9moignent de la foi profonde des habitants de Meg\u00e8ve \u00e0 travers les si\u00e8cles. C&rsquo;est un peu comme si chaque quartier avait voulu avoir son petit<a href=\"https:\/\/chaletararatmegeve.com\/trouvez-la-location-parfaite-pour-vos-vacances-a-megeve\/\" target=\"_blank\" rel=\"noopener\"> coin de paradis<\/a> !<\/p>\n<h3>Le Calvaire : un chemin de croix avec vue<\/h3>\n<p>Parmi ces chapelles, <strong>le Calvaire<\/strong> m\u00e9rite une mention sp\u00e9ciale. Ce chemin de croix menant \u00e0 une chapelle offre une vue panoramique sur le village. C&rsquo;est <strong>l&rsquo;endroit id\u00e9al<\/strong> pour prendre de la hauteur (au propre comme au figur\u00e9) et admirer Meg\u00e8ve dans toute sa splendeur.<\/p>\n<h3>Des hameaux qui ont gard\u00e9 leur \u00e2me<\/h3>\n<p>Et que dire des hameaux environnants comme <strong>Le Maz, Le Bettex et Demi-Quartier<\/strong> ? Ces petits bijoux ont su conserver leur caract\u00e8re rural et leur authenticit\u00e9. C&rsquo;est un peu comme si le temps s&rsquo;\u00e9tait arr\u00eat\u00e9, mais en mieux : on a quand m\u00eame l&rsquo;\u00e9lectricit\u00e9 et internet !<\/p>\n<h2>Fermes et chalets : quand l&rsquo;architecture savoyarde fait son show<\/h2>\n<p>Bon, maintenant qu&rsquo;on a fait le tour des \u00e9glises, passons aux choses s\u00e9rieuses : <a href=\"https:\/\/chaletararatmegeve.com\/les-meilleures-pistes-de-ski-a-megeve\/\" target=\"_blank\" rel=\"noopener\">les chalets<\/a> ! Parce que franchement, quand on pense \u00e0 Meg\u00e8ve, on pense forc\u00e9ment aux chalets, non ?<\/p>\n<h3>Les fermes traditionnelles : l&rsquo;\u00e2me de Meg\u00e8ve<\/h3>\n<p><strong>Les fermes traditionnelles de Meg\u00e8ve<\/strong>, c&rsquo;est un peu comme les grands-m\u00e8res du village : elles ont du caract\u00e8re, elles sont chaleureuses, et elles ont plein d&rsquo;histoires \u00e0 raconter. Construites en <strong>bois et en pierre<\/strong>, elles sont l&rsquo;incarnation m\u00eame de l&rsquo;architecture savoyarde.<\/p>\n<h3>Les chalets de luxe : tradition avec un zeste de bling-bling<\/h3>\n<p>Et puis il y a les chalets de luxe. Ah, ces <strong>fameux chalets<\/strong> qui font r\u00eaver ! Ils ont gard\u00e9 l&rsquo;esprit des <strong>fermes traditionnelles<\/strong>, mais avec un petit coup de boost c\u00f4t\u00e9 confort. C&rsquo;est un peu comme si on avait pris une 2CV et qu&rsquo;on l&rsquo;avait transform\u00e9e en Ferrari, tout en gardant le <strong>charme r\u00e9tro<\/strong>.<\/p>\n<p>Les chalets de luxe sont devenus les symboles de l&rsquo;attrait de <strong>Meg\u00e8ve<\/strong> pour une client\u00e8le ais\u00e9e, alliant tradition architecturale et confort moderne.<\/p>\n<h3>Le Chalet Ararat : quand le luxe rencontre le patrimoine<\/h3>\n<p>Et puisqu&rsquo;on parle de chalets de luxe, impossible de ne pas mentionner le <a href=\"https:\/\/chaletararatmegeve.com\/\" target=\"_blank\" rel=\"noopener\">Chalet Ararat<\/a>. Ce petit bijou de 600 m\u00b2 (oui, oui, vous avez bien lu) est l&rsquo;exemple parfait de ce m\u00e9lange entre tradition et modernit\u00e9 qui fait le charme de Meg\u00e8ve.<\/p>\n<p>Situ\u00e9 \u00e0 deux pas des pistes de <strong>La Princesse<\/strong>, le Chalet Ararat offre une vue \u00e0 tomber sur la cha\u00eene des Aravis. C&rsquo;est un peu comme si on avait pris le meilleur de Meg\u00e8ve et qu&rsquo;on l&rsquo;avait concentr\u00e9 dans un seul endroit. Fen\u00eatres allant du sol au plafond pour profiter du paysage, chemin\u00e9e pour les soir\u00e9es cocooning, piscine int\u00e9rieure pour se la jouer nageur olympique (ou pas)&#8230; Bref, le <strong>paradis sur terre<\/strong> !<\/p>\n<h3>Le saviez-vous ?<\/h3>\n<ul>\n<li>Le Chalet Ararat peut accueillir <a href=\"https:\/\/chaletararatmegeve.com\/fr\/book\/\">jusqu&rsquo;\u00e0 15 personnes dans ses 7 chambres spacieuses<\/a>.<\/li>\n<li>Il dispose d&rsquo;une <strong>salle de cin\u00e9ma<\/strong> priv\u00e9e pour des soir\u00e9es pop-corn en famille ou entre amis.<\/li>\n<li>Un <strong>ascenseur<\/strong> relie les quatre niveaux du chalet, parce que m\u00eame en vacances, pourquoi se fatiguer ?<\/li>\n<li>Le chalet a \u00e9t\u00e9 mentionn\u00e9 dans <a href=\"https:\/\/chaletararatmegeve.com\/\">plusieurs articles de presse<\/a>, louant son luxe et son emplacement id\u00e9al.<\/li>\n<\/ul>\n<p><!-- notionvc: fb2057c3-539d-435d-b360-a69b5b2d89b5 --><\/p>\n<h2>Le mus\u00e9e de Meg\u00e8ve : quand le pass\u00e9 se fait conteur<\/h2>\n<p>Apr\u00e8s toute cette architecture, un peu de culture, \u00e7a vous dit ? Direction le <a href=\"https:\/\/www.megeve-tourisme.fr\/activites-loisirs\/activites-culturelles\/musees\/\" target=\"_blank\" rel=\"noopener\">mus\u00e9e de Meg\u00e8ve<\/a> ! C&rsquo;est un peu comme une machine \u00e0 remonter le temps, sauf qu&rsquo;ici, pas besoin de DeLorean.<\/p>\n<h3>De village agricole \u00e0 station de ski pris\u00e9e<\/h3>\n<p>Le mus\u00e9e retrace <strong>l&rsquo;\u00e9volution fascinante de Meg\u00e8ve<\/strong>, de son pass\u00e9 de modeste village agricole \u00e0 son statut actuel de station de ski hupp\u00e9e. C&rsquo;est un peu l&rsquo;\u00e9quivalent mus\u00e9al du \u00ab\u00a0avant\/apr\u00e8s\u00a0\u00bb des \u00e9missions de relooking, mais version village entier !<\/p>\n<h3>Des objets qui parlent<\/h3>\n<p>\t\tLes collections du mus\u00e9e sont remplies d&rsquo;objets qui racontent chacun une partie de l&rsquo;histoire de Meg\u00e8ve. Des outils agricoles aux premiers skis, en passant par les costumes traditionnels, chaque pi\u00e8ce a une histoire \u00e0 raconter. C&rsquo;est comme si les objets pouvaient parler&#8230; et croyez-moi, ils ont des choses \u00e0 dire !\t\t<\/p>\n<h2>Le Palais des Sports : quand la modernit\u00e9 s&rsquo;invite \u00e0 la f\u00eate<\/h2>\n<p>\t\tBon, assez parl\u00e9 du pass\u00e9, parlons un peu du pr\u00e9sent et de l&rsquo;avenir ! Et pour \u00e7a, rien de mieux que de faire un tour du c\u00f4t\u00e9 du Palais des Sports.\t\t<\/p>\n<h3>Un complexe qui ne fait pas les choses \u00e0 moiti\u00e9<\/h3>\n<p>\t\tLe Palais des Sports, c&rsquo;est un peu le couteau suisse de Meg\u00e8ve. Piscine, patinoire, salle de fitness&#8230; On y trouve de tout ! C&rsquo;est l&rsquo;endroit id\u00e9al pour ceux qui veulent faire du sport&#8230; ou juste regarder les autres en faire en sirotant un chocolat chaud.\t\t<\/p>\n<h3>Des \u00e9v\u00e9nements \u00e0 gogo<\/h3>\n<p>\t\tMais le Palais des Sports, ce n&rsquo;est pas que du sport (ouf !). Il accueille aussi des comp\u00e9titions et des \u00e9v\u00e9nements culturels tout au long de l&rsquo;ann\u00e9e. Concerts, expositions, spectacles&#8230; Il y en a pour tous les go\u00fbts. C&rsquo;est un peu comme si Broadway avait d\u00e9cid\u00e9 de prendre des vacances \u00e0 la montagne !\t\t<\/p>\n<h3>Le Festival International de Jazz : quand Meg\u00e8ve swingue<\/h3>\n<p>\t\tParmi les \u00e9v\u00e9nements qui animent la vie culturelle de Meg\u00e8ve, le Festival International de Jazz m\u00e9rite une mention sp\u00e9ciale. Imaginez un peu : les plus grands noms du jazz qui viennent faire swinguer les montagnes&#8230; C&rsquo;est comme si la Nouvelle-Orl\u00e9ans avait d\u00e9m\u00e9nag\u00e9 dans les Alpes le temps d&rsquo;un festival !\t\t<\/p>\n<h2>Fl\u00e2nerie au c\u0153ur de Meg\u00e8ve : un village qui a du chien (de tra\u00eeneau)<\/h2>\n<p>Allez, pour finir notre tour du patrimoine de Meg\u00e8ve, rien de tel qu&rsquo;une petite balade dans le centre du village. <a href=\"https:\/\/chaletararatmegeve.com\/fr\/gallery\/\">Pr\u00e9parez-vous \u00e0 en prendre plein les yeux<\/a> (et peut-\u00eatre aussi plein le porte-monnaie) !<\/p>\n<h3>Un centre pi\u00e9tonnier qui invite \u00e0 la fl\u00e2nerie<\/h3>\n<p><strong>Le centre de Meg\u00e8ve est enti\u00e8rement pi\u00e9tonnier<\/strong>. C&rsquo;est le paradis des promeneurs et des fl\u00e2neurs. Pas de voitures, <strong>pas de klaxons<\/strong>, juste le bruit de vos pas sur les pav\u00e9s et le tintement des cloches des vaches au loin (bon, d&rsquo;accord, peut-\u00eatre pas en plein centre-ville, mais laissez-moi r\u00eaver).<\/p>\n<h3>La place de l&rsquo;\u00c9glise : le c\u0153ur battant de Meg\u00e8ve<\/h3>\n<p>La place de l&rsquo;\u00c9glise, c&rsquo;est un peu <strong>le c\u0153ur de Meg\u00e8ve<\/strong>. C&rsquo;est l\u00e0 que tout se passe, que tout le monde se retrouve. C&rsquo;est comme la place du village dans Ast\u00e9rix, sauf qu&rsquo;ici, au lieu de sangliers, on mange plut\u00f4t de la fondue !<\/p>\n<h3>Des rues pav\u00e9es qui ont des histoires \u00e0 raconter<\/h3>\n<p>Les <strong>rues pav\u00e9es de Meg\u00e8ve<\/strong> sont bord\u00e9es de chalets traditionnels et de boutiques de luxe. C&rsquo;est un m\u00e9lange \u00e9tonnant entre le charme d&rsquo;antan et le glamour moderne. C&rsquo;est un peu comme si votre grand-m\u00e8re s&rsquo;habillait chez Chanel : un mix parfait entre <strong>tradition et \u00e9l\u00e9gance<\/strong> !<\/p>\n<h3>Des h\u00f4tels de charme pour des nuits de r\u00eave<\/h3>\n<p>Meg\u00e8ve regorge d<strong>&lsquo;h\u00f4tels de charme<\/strong> qui allient confort moderne et architecture savoyarde. C&rsquo;est l&rsquo;endroit id\u00e9al pour <strong>se reposer<\/strong> apr\u00e8s une journ\u00e9e de ski ou de visite du patrimoine. Et puis, franchement, qui n&rsquo;a jamais r\u00eav\u00e9 de dormir dans <a href=\"https:\/\/chaletararatmegeve.com\/fr\/contact\/\">un chalet digne d&rsquo;un conte de f\u00e9es<\/a> ?<\/p>\n<h3>Le march\u00e9 : quand les papilles font la f\u00eate<\/h3>\n<p>Le <strong>march\u00e9 hebdomadaire de Meg\u00e8ve est un incontournable<\/strong>. C&rsquo;est l&rsquo;occasion de d\u00e9couvrir les produits locaux et de <strong>go\u00fbter aux sp\u00e9cialit\u00e9s savoyardes<\/strong>. Fromages, charcuteries, miel&#8230; Vos papilles vont faire du ski nautique dans votre bouche !<\/p>\n<h3>Une ambiance conviviale et familiale<\/h3>\n<p>Malgr\u00e9 son statut de station hupp\u00e9e, Meg\u00e8ve a su conserver <a href=\"https:\/\/chaletararatmegeve.com\/fr\/with-family\/\">une ambiance conviviale et familiale<\/a>. C&rsquo;est ce qui fait tout son charme. On s&rsquo;y sent comme \u00e0 la maison, mais en mieux (sauf si votre maison est d\u00e9j\u00e0 un chalet de luxe \u00e0 Meg\u00e8ve, auquel cas&#8230; pouvez-vous m&rsquo;inviter ?)<\/p>\n<h2>Le Chalet Ararat : votre porte d&rsquo;entr\u00e9e vers le patrimoine de Meg\u00e8ve<\/h2>\n<p>Et si, pour vraiment vivre l&rsquo;exp\u00e9rience du patrimoine de Meg\u00e8ve, vous posiez vos valises au <a href=\"https:\/\/chaletararatmegeve.com\/le-chalet\/\" target=\"_blank\" rel=\"noopener\">Chalet Ararat<\/a> ? Ce n&rsquo;est pas juste un chalet de luxe, c&rsquo;est une v\u00e9ritable immersion dans l&rsquo;\u00e2me de Meg\u00e8ve.<\/p>\n<h3>Un \u00e9quilibre parfait entre pass\u00e9 et pr\u00e9sent<\/h3>\n<p>Ce qui fait vraiment le<strong> charme de Meg\u00e8ve<\/strong>, c&rsquo;est cet \u00e9quilibre subtil entre son riche pass\u00e9 et son pr\u00e9sent dynamique. C&rsquo;est comme si le village avait r\u00e9ussi \u00e0 garder un pied dans chaque \u00e9poque, jonglant habilement entre <strong>tradition et modernit\u00e9<\/strong>. Et franchement, chapeau bas, parce que ce n&rsquo;est pas donn\u00e9 \u00e0 tout le monde !<\/p>\n<h3>Une invitation \u00e0 l&rsquo;exploration<\/h3>\n<p>Alors, que vous soyez fan d&rsquo;histoire, amateur d&rsquo;architecture, ou simplement curieux de d\u00e9couvrir un bout de paradis alpin, Meg\u00e8ve vous tend les bras. C&rsquo;est une <strong>invitation \u00e0 l&rsquo;exploration<\/strong>, \u00e0 la d\u00e9couverte, et pourquoi pas, \u00e0 un petit voyage dans le temps.<\/p>\n<h3>Le Chalet Ararat : votre base pour l&rsquo;aventure<\/h3>\n<p>Et si vous voulez vraiment vivre l&rsquo;exp\u00e9rience Meg\u00e8ve \u00e0 fond, pourquoi ne pas poser vos valises au <a href=\"https:\/\/chaletararatmegeve.com\/contact\/\">Chalet Ararat<\/a> ? C&rsquo;est l&rsquo;endroit id\u00e9al pour plonger dans le patrimoine de Meg\u00e8ve tout en profitant d&rsquo;un confort digne d&rsquo;un maharaja. Apr\u00e8s tout, qui a dit qu&rsquo;on ne pouvait pas explorer l&rsquo;histoire avec style ?<\/p>\n<p>Alors, qu&rsquo;attendez-vous ? <strong>Meg\u00e8ve et son patrimoine<\/strong> n&rsquo;attendent que vous. Qui sait, peut-\u00eatre qu&rsquo;en arpentant ses rues pav\u00e9es, en admirant son \u00e9glise s\u00e9culaire ou en savourant une fondue dans un <a href=\"https:\/\/chaletararatmegeve.com\/book\/\">chalet traditionnel<\/a>, vous \u00e9crirez vous aussi une petite page de l&rsquo;histoire de ce village extraordinaire. Et si c&rsquo;est le cas, n&rsquo;oubliez pas de m&rsquo;inviter pour la raconter !<\/p>\n<p><!-- notionvc: 61d0e08a-3a29-484c-9242-152af066b671 --><\/p>\n<p>(credits photo : Meg\u00e8ve tourisme \u00a9)<\/p>\n","protected":false},"excerpt":{"rendered":"<p>D\u00e9couvrez le patrimoine fascinant de Meg\u00e8ve, un joyau alpin o\u00f9 traditions ancestrales et modernit\u00e9 s&rsquo;entrem\u00ealent, entre chalets, chapelles et paysages \u00e0 couper le souffle.<\/p>\n","protected":false},"author":6,"featured_media":1417,"comment_status":"closed","ping_status":"open","sticky":false,"template":"","format":"standard","meta":{"footnotes":""},"categories":[1],"tags":[],"class_list":["post-1415","post","type-post","status-publish","format-standard","has-post-thumbnail","hentry","category-non-classe"],"yoast_head":"<!-- This site is optimized with the Yoast SEO plugin v27.3 - https:\/\/yoast.com\/product\/yoast-seo-wordpress\/ -->\n<title>Patrimoine Meg\u00e8ve : Un joyau alpin entre tradition et modernit\u00e9 - Chalet Ararat<\/title>\n<meta name=\"robots\" content=\"index, follow, max-snippet:-1, max-image-preview:large, max-video-preview:-1\" \/>\n<link rel=\"canonical\" href=\"https:\/\/chaletararatmegeve.com\/fr\/patrimoine-megeve-un-joyau-alpin-entre-tradition-et-modernite\/\" \/>\n<meta property=\"og:locale\" content=\"fr_FR\" \/>\n<meta property=\"og:type\" content=\"article\" \/>\n<meta property=\"og:title\" content=\"Patrimoine Meg\u00e8ve : Un joyau alpin entre tradition et modernit\u00e9 - Chalet Ararat\" \/>\n<meta property=\"og:description\" content=\"D\u00e9couvrez le patrimoine fascinant de Meg\u00e8ve, un joyau alpin o\u00f9 traditions ancestrales et modernit\u00e9 s&#039;entrem\u00ealent, entre chalets, chapelles et paysages \u00e0 couper le souffle.\" \/>\n<meta property=\"og:url\" content=\"https:\/\/chaletararatmegeve.com\/fr\/patrimoine-megeve-un-joyau-alpin-entre-tradition-et-modernite\/\" \/>\n<meta property=\"og:site_name\" content=\"Chalet Ararat\" \/>\n<meta property=\"article:published_time\" content=\"2024-10-16T21:25:17+00:00\" \/>\n<meta property=\"article:modified_time\" content=\"2025-08-26T13:44:16+00:00\" \/>\n<meta property=\"og:image\" content=\"https:\/\/chaletararatmegeve.com\/wp-content\/uploads\/2024\/10\/chalet-ararat-megeve-site-web-blog-article-megeve-un-ecrin-de-patrimoine-alpin-a-couper-le-souffle.jpg\" \/>\n\t<meta property=\"og:image:width\" content=\"1920\" \/>\n\t<meta property=\"og:image:height\" content=\"1080\" \/>\n\t<meta property=\"og:image:type\" content=\"image\/jpeg\" \/>\n<meta name=\"author\" content=\"Alexandre\" \/>\n<meta name=\"twitter:card\" content=\"summary_large_image\" \/>\n<meta name=\"twitter:label1\" content=\"\u00c9crit par\" \/>\n\t<meta name=\"twitter:data1\" content=\"Alexandre\" \/>\n\t<meta name=\"twitter:label2\" content=\"Dur\u00e9e de lecture estim\u00e9e\" \/>\n\t<meta name=\"twitter:data2\" content=\"9 minutes\" \/>\n<script type=\"application\/ld+json\" class=\"yoast-schema-graph\">{\"@context\":\"https:\\\/\\\/schema.org\",\"@graph\":[{\"@type\":\"Article\",\"@id\":\"https:\\\/\\\/chaletararatmegeve.com\\\/patrimoine-megeve-un-joyau-alpin-entre-tradition-et-modernite\\\/#article\",\"isPartOf\":{\"@id\":\"https:\\\/\\\/chaletararatmegeve.com\\\/patrimoine-megeve-un-joyau-alpin-entre-tradition-et-modernite\\\/\"},\"author\":{\"name\":\"Alexandre\",\"@id\":\"https:\\\/\\\/chaletararatmegeve.com\\\/fr\\\/#\\\/schema\\\/person\\\/552ec7b445baf03ed62e6c37e77e2a98\"},\"headline\":\"Patrimoine Meg\u00e8ve : Un joyau alpin entre tradition et modernit\u00e9\",\"datePublished\":\"2024-10-16T21:25:17+00:00\",\"dateModified\":\"2025-08-26T13:44:16+00:00\",\"mainEntityOfPage\":{\"@id\":\"https:\\\/\\\/chaletararatmegeve.com\\\/patrimoine-megeve-un-joyau-alpin-entre-tradition-et-modernite\\\/\"},\"wordCount\":2012,\"publisher\":{\"@id\":\"https:\\\/\\\/chaletararatmegeve.com\\\/fr\\\/#organization\"},\"image\":{\"@id\":\"https:\\\/\\\/chaletararatmegeve.com\\\/patrimoine-megeve-un-joyau-alpin-entre-tradition-et-modernite\\\/#primaryimage\"},\"thumbnailUrl\":\"https:\\\/\\\/chaletararatmegeve.com\\\/wp-content\\\/uploads\\\/2024\\\/10\\\/chalet-ararat-megeve-site-web-blog-article-megeve-un-ecrin-de-patrimoine-alpin-a-couper-le-souffle.jpg\",\"inLanguage\":\"fr-FR\"},{\"@type\":\"WebPage\",\"@id\":\"https:\\\/\\\/chaletararatmegeve.com\\\/patrimoine-megeve-un-joyau-alpin-entre-tradition-et-modernite\\\/\",\"url\":\"https:\\\/\\\/chaletararatmegeve.com\\\/patrimoine-megeve-un-joyau-alpin-entre-tradition-et-modernite\\\/\",\"name\":\"Patrimoine Meg\u00e8ve : Un joyau alpin entre tradition et modernit\u00e9 - Chalet Ararat\",\"isPartOf\":{\"@id\":\"https:\\\/\\\/chaletararatmegeve.com\\\/fr\\\/#website\"},\"primaryImageOfPage\":{\"@id\":\"https:\\\/\\\/chaletararatmegeve.com\\\/patrimoine-megeve-un-joyau-alpin-entre-tradition-et-modernite\\\/#primaryimage\"},\"image\":{\"@id\":\"https:\\\/\\\/chaletararatmegeve.com\\\/patrimoine-megeve-un-joyau-alpin-entre-tradition-et-modernite\\\/#primaryimage\"},\"thumbnailUrl\":\"https:\\\/\\\/chaletararatmegeve.com\\\/wp-content\\\/uploads\\\/2024\\\/10\\\/chalet-ararat-megeve-site-web-blog-article-megeve-un-ecrin-de-patrimoine-alpin-a-couper-le-souffle.jpg\",\"datePublished\":\"2024-10-16T21:25:17+00:00\",\"dateModified\":\"2025-08-26T13:44:16+00:00\",\"breadcrumb\":{\"@id\":\"https:\\\/\\\/chaletararatmegeve.com\\\/patrimoine-megeve-un-joyau-alpin-entre-tradition-et-modernite\\\/#breadcrumb\"},\"inLanguage\":\"fr-FR\",\"potentialAction\":[{\"@type\":\"ReadAction\",\"target\":[\"https:\\\/\\\/chaletararatmegeve.com\\\/patrimoine-megeve-un-joyau-alpin-entre-tradition-et-modernite\\\/\"]}]},{\"@type\":\"ImageObject\",\"inLanguage\":\"fr-FR\",\"@id\":\"https:\\\/\\\/chaletararatmegeve.com\\\/patrimoine-megeve-un-joyau-alpin-entre-tradition-et-modernite\\\/#primaryimage\",\"url\":\"https:\\\/\\\/chaletararatmegeve.com\\\/wp-content\\\/uploads\\\/2024\\\/10\\\/chalet-ararat-megeve-site-web-blog-article-megeve-un-ecrin-de-patrimoine-alpin-a-couper-le-souffle.jpg\",\"contentUrl\":\"https:\\\/\\\/chaletararatmegeve.com\\\/wp-content\\\/uploads\\\/2024\\\/10\\\/chalet-ararat-megeve-site-web-blog-article-megeve-un-ecrin-de-patrimoine-alpin-a-couper-le-souffle.jpg\",\"width\":1920,\"height\":1080,\"caption\":\"chalet-ararat-megeve-site-web-blog-article-megeve-un-ecrin-de-patrimoine-alpin-a-couper-le-souffle\"},{\"@type\":\"BreadcrumbList\",\"@id\":\"https:\\\/\\\/chaletararatmegeve.com\\\/patrimoine-megeve-un-joyau-alpin-entre-tradition-et-modernite\\\/#breadcrumb\",\"itemListElement\":[{\"@type\":\"ListItem\",\"position\":1,\"name\":\"Accueil\",\"item\":\"https:\\\/\\\/chaletararatmegeve.com\\\/\"},{\"@type\":\"ListItem\",\"position\":2,\"name\":\"Patrimoine Meg\u00e8ve : Un joyau alpin entre tradition et modernit\u00e9\"}]},{\"@type\":\"WebSite\",\"@id\":\"https:\\\/\\\/chaletararatmegeve.com\\\/fr\\\/#website\",\"url\":\"https:\\\/\\\/chaletararatmegeve.com\\\/fr\\\/\",\"name\":\"Chalet Ararat\",\"description\":\"Luxury Chalet in Meg\u00e8ve\",\"publisher\":{\"@id\":\"https:\\\/\\\/chaletararatmegeve.com\\\/fr\\\/#organization\"},\"potentialAction\":[{\"@type\":\"SearchAction\",\"target\":{\"@type\":\"EntryPoint\",\"urlTemplate\":\"https:\\\/\\\/chaletararatmegeve.com\\\/fr\\\/?s={search_term_string}\"},\"query-input\":{\"@type\":\"PropertyValueSpecification\",\"valueRequired\":true,\"valueName\":\"search_term_string\"}}],\"inLanguage\":\"fr-FR\"},{\"@type\":\"Organization\",\"@id\":\"https:\\\/\\\/chaletararatmegeve.com\\\/fr\\\/#organization\",\"name\":\"Chalet Ararat\",\"url\":\"https:\\\/\\\/chaletararatmegeve.com\\\/fr\\\/\",\"logo\":{\"@type\":\"ImageObject\",\"inLanguage\":\"fr-FR\",\"@id\":\"https:\\\/\\\/chaletararatmegeve.com\\\/fr\\\/#\\\/schema\\\/logo\\\/image\\\/\",\"url\":\"https:\\\/\\\/chaletararatmegeve.com\\\/wp-content\\\/uploads\\\/2024\\\/05\\\/chalet-ararat-logotype-or.svg\",\"contentUrl\":\"https:\\\/\\\/chaletararatmegeve.com\\\/wp-content\\\/uploads\\\/2024\\\/05\\\/chalet-ararat-logotype-or.svg\",\"width\":147,\"height\":47,\"caption\":\"Chalet Ararat\"},\"image\":{\"@id\":\"https:\\\/\\\/chaletararatmegeve.com\\\/fr\\\/#\\\/schema\\\/logo\\\/image\\\/\"}},{\"@type\":\"Person\",\"@id\":\"https:\\\/\\\/chaletararatmegeve.com\\\/fr\\\/#\\\/schema\\\/person\\\/552ec7b445baf03ed62e6c37e77e2a98\",\"name\":\"Alexandre\",\"image\":{\"@type\":\"ImageObject\",\"inLanguage\":\"fr-FR\",\"@id\":\"https:\\\/\\\/secure.gravatar.com\\\/avatar\\\/55244ddfeff4d10a2b06e42cb797fe918a336105b82b6f5201a3a07b1e4df8f9?s=96&d=mm&r=g\",\"url\":\"https:\\\/\\\/secure.gravatar.com\\\/avatar\\\/55244ddfeff4d10a2b06e42cb797fe918a336105b82b6f5201a3a07b1e4df8f9?s=96&d=mm&r=g\",\"contentUrl\":\"https:\\\/\\\/secure.gravatar.com\\\/avatar\\\/55244ddfeff4d10a2b06e42cb797fe918a336105b82b6f5201a3a07b1e4df8f9?s=96&d=mm&r=g\",\"caption\":\"Alexandre\"},\"url\":\"https:\\\/\\\/chaletararatmegeve.com\\\/fr\"}]}<\/script>\n<!-- \/ Yoast SEO plugin. -->","yoast_head_json":{"title":"Patrimoine Meg\u00e8ve : Un joyau alpin entre tradition et modernit\u00e9 - Chalet Ararat","robots":{"index":"index","follow":"follow","max-snippet":"max-snippet:-1","max-image-preview":"max-image-preview:large","max-video-preview":"max-video-preview:-1"},"canonical":"https:\/\/chaletararatmegeve.com\/fr\/patrimoine-megeve-un-joyau-alpin-entre-tradition-et-modernite\/","og_locale":"fr_FR","og_type":"article","og_title":"Patrimoine Meg\u00e8ve : Un joyau alpin entre tradition et modernit\u00e9 - Chalet Ararat","og_description":"D\u00e9couvrez le patrimoine fascinant de Meg\u00e8ve, un joyau alpin o\u00f9 traditions ancestrales et modernit\u00e9 s'entrem\u00ealent, entre chalets, chapelles et paysages \u00e0 couper le souffle.","og_url":"https:\/\/chaletararatmegeve.com\/fr\/patrimoine-megeve-un-joyau-alpin-entre-tradition-et-modernite\/","og_site_name":"Chalet Ararat","article_published_time":"2024-10-16T21:25:17+00:00","article_modified_time":"2025-08-26T13:44:16+00:00","og_image":[{"width":1920,"height":1080,"url":"https:\/\/chaletararatmegeve.com\/wp-content\/uploads\/2024\/10\/chalet-ararat-megeve-site-web-blog-article-megeve-un-ecrin-de-patrimoine-alpin-a-couper-le-souffle.jpg","type":"image\/jpeg"}],"author":"Alexandre","twitter_card":"summary_large_image","twitter_misc":{"\u00c9crit par":"Alexandre","Dur\u00e9e de lecture estim\u00e9e":"9 minutes"},"schema":{"@context":"https:\/\/schema.org","@graph":[{"@type":"Article","@id":"https:\/\/chaletararatmegeve.com\/patrimoine-megeve-un-joyau-alpin-entre-tradition-et-modernite\/#article","isPartOf":{"@id":"https:\/\/chaletararatmegeve.com\/patrimoine-megeve-un-joyau-alpin-entre-tradition-et-modernite\/"},"author":{"name":"Alexandre","@id":"https:\/\/chaletararatmegeve.com\/fr\/#\/schema\/person\/552ec7b445baf03ed62e6c37e77e2a98"},"headline":"Patrimoine Meg\u00e8ve : Un joyau alpin entre tradition et modernit\u00e9","datePublished":"2024-10-16T21:25:17+00:00","dateModified":"2025-08-26T13:44:16+00:00","mainEntityOfPage":{"@id":"https:\/\/chaletararatmegeve.com\/patrimoine-megeve-un-joyau-alpin-entre-tradition-et-modernite\/"},"wordCount":2012,"publisher":{"@id":"https:\/\/chaletararatmegeve.com\/fr\/#organization"},"image":{"@id":"https:\/\/chaletararatmegeve.com\/patrimoine-megeve-un-joyau-alpin-entre-tradition-et-modernite\/#primaryimage"},"thumbnailUrl":"https:\/\/chaletararatmegeve.com\/wp-content\/uploads\/2024\/10\/chalet-ararat-megeve-site-web-blog-article-megeve-un-ecrin-de-patrimoine-alpin-a-couper-le-souffle.jpg","inLanguage":"fr-FR"},{"@type":"WebPage","@id":"https:\/\/chaletararatmegeve.com\/patrimoine-megeve-un-joyau-alpin-entre-tradition-et-modernite\/","url":"https:\/\/chaletararatmegeve.com\/patrimoine-megeve-un-joyau-alpin-entre-tradition-et-modernite\/","name":"Patrimoine Meg\u00e8ve : Un joyau alpin entre tradition et modernit\u00e9 - Chalet Ararat","isPartOf":{"@id":"https:\/\/chaletararatmegeve.com\/fr\/#website"},"primaryImageOfPage":{"@id":"https:\/\/chaletararatmegeve.com\/patrimoine-megeve-un-joyau-alpin-entre-tradition-et-modernite\/#primaryimage"},"image":{"@id":"https:\/\/chaletararatmegeve.com\/patrimoine-megeve-un-joyau-alpin-entre-tradition-et-modernite\/#primaryimage"},"thumbnailUrl":"https:\/\/chaletararatmegeve.com\/wp-content\/uploads\/2024\/10\/chalet-ararat-megeve-site-web-blog-article-megeve-un-ecrin-de-patrimoine-alpin-a-couper-le-souffle.jpg","datePublished":"2024-10-16T21:25:17+00:00","dateModified":"2025-08-26T13:44:16+00:00","breadcrumb":{"@id":"https:\/\/chaletararatmegeve.com\/patrimoine-megeve-un-joyau-alpin-entre-tradition-et-modernite\/#breadcrumb"},"inLanguage":"fr-FR","potentialAction":[{"@type":"ReadAction","target":["https:\/\/chaletararatmegeve.com\/patrimoine-megeve-un-joyau-alpin-entre-tradition-et-modernite\/"]}]},{"@type":"ImageObject","inLanguage":"fr-FR","@id":"https:\/\/chaletararatmegeve.com\/patrimoine-megeve-un-joyau-alpin-entre-tradition-et-modernite\/#primaryimage","url":"https:\/\/chaletararatmegeve.com\/wp-content\/uploads\/2024\/10\/chalet-ararat-megeve-site-web-blog-article-megeve-un-ecrin-de-patrimoine-alpin-a-couper-le-souffle.jpg","contentUrl":"https:\/\/chaletararatmegeve.com\/wp-content\/uploads\/2024\/10\/chalet-ararat-megeve-site-web-blog-article-megeve-un-ecrin-de-patrimoine-alpin-a-couper-le-souffle.jpg","width":1920,"height":1080,"caption":"chalet-ararat-megeve-site-web-blog-article-megeve-un-ecrin-de-patrimoine-alpin-a-couper-le-souffle"},{"@type":"BreadcrumbList","@id":"https:\/\/chaletararatmegeve.com\/patrimoine-megeve-un-joyau-alpin-entre-tradition-et-modernite\/#breadcrumb","itemListElement":[{"@type":"ListItem","position":1,"name":"Accueil","item":"https:\/\/chaletararatmegeve.com\/"},{"@type":"ListItem","position":2,"name":"Patrimoine Meg\u00e8ve : Un joyau alpin entre tradition et modernit\u00e9"}]},{"@type":"WebSite","@id":"https:\/\/chaletararatmegeve.com\/fr\/#website","url":"https:\/\/chaletararatmegeve.com\/fr\/","name":"Chalet Ararat","description":"Luxury Chalet in Meg\u00e8ve","publisher":{"@id":"https:\/\/chaletararatmegeve.com\/fr\/#organization"},"potentialAction":[{"@type":"SearchAction","target":{"@type":"EntryPoint","urlTemplate":"https:\/\/chaletararatmegeve.com\/fr\/?s={search_term_string}"},"query-input":{"@type":"PropertyValueSpecification","valueRequired":true,"valueName":"search_term_string"}}],"inLanguage":"fr-FR"},{"@type":"Organization","@id":"https:\/\/chaletararatmegeve.com\/fr\/#organization","name":"Chalet Ararat","url":"https:\/\/chaletararatmegeve.com\/fr\/","logo":{"@type":"ImageObject","inLanguage":"fr-FR","@id":"https:\/\/chaletararatmegeve.com\/fr\/#\/schema\/logo\/image\/","url":"https:\/\/chaletararatmegeve.com\/wp-content\/uploads\/2024\/05\/chalet-ararat-logotype-or.svg","contentUrl":"https:\/\/chaletararatmegeve.com\/wp-content\/uploads\/2024\/05\/chalet-ararat-logotype-or.svg","width":147,"height":47,"caption":"Chalet Ararat"},"image":{"@id":"https:\/\/chaletararatmegeve.com\/fr\/#\/schema\/logo\/image\/"}},{"@type":"Person","@id":"https:\/\/chaletararatmegeve.com\/fr\/#\/schema\/person\/552ec7b445baf03ed62e6c37e77e2a98","name":"Alexandre","image":{"@type":"ImageObject","inLanguage":"fr-FR","@id":"https:\/\/secure.gravatar.com\/avatar\/55244ddfeff4d10a2b06e42cb797fe918a336105b82b6f5201a3a07b1e4df8f9?s=96&d=mm&r=g","url":"https:\/\/secure.gravatar.com\/avatar\/55244ddfeff4d10a2b06e42cb797fe918a336105b82b6f5201a3a07b1e4df8f9?s=96&d=mm&r=g","contentUrl":"https:\/\/secure.gravatar.com\/avatar\/55244ddfeff4d10a2b06e42cb797fe918a336105b82b6f5201a3a07b1e4df8f9?s=96&d=mm&r=g","caption":"Alexandre"},"url":"https:\/\/chaletararatmegeve.com\/fr"}]}},"_links":{"self":[{"href":"https:\/\/chaletararatmegeve.com\/fr\/wp-json\/wp\/v2\/posts\/1415","targetHints":{"allow":["GET"]}}],"collection":[{"href":"https:\/\/chaletararatmegeve.com\/fr\/wp-json\/wp\/v2\/posts"}],"about":[{"href":"https:\/\/chaletararatmegeve.com\/fr\/wp-json\/wp\/v2\/types\/post"}],"author":[{"embeddable":true,"href":"https:\/\/chaletararatmegeve.com\/fr\/wp-json\/wp\/v2\/users\/6"}],"replies":[{"embeddable":true,"href":"https:\/\/chaletararatmegeve.com\/fr\/wp-json\/wp\/v2\/comments?post=1415"}],"version-history":[{"count":25,"href":"https:\/\/chaletararatmegeve.com\/fr\/wp-json\/wp\/v2\/posts\/1415\/revisions"}],"predecessor-version":[{"id":1510,"href":"https:\/\/chaletararatmegeve.com\/fr\/wp-json\/wp\/v2\/posts\/1415\/revisions\/1510"}],"wp:featuredmedia":[{"embeddable":true,"href":"https:\/\/chaletararatmegeve.com\/fr\/wp-json\/wp\/v2\/media\/1417"}],"wp:attachment":[{"href":"https:\/\/chaletararatmegeve.com\/fr\/wp-json\/wp\/v2\/media?parent=1415"}],"wp:term":[{"taxonomy":"category","embeddable":true,"href":"https:\/\/chaletararatmegeve.com\/fr\/wp-json\/wp\/v2\/categories?post=1415"},{"taxonomy":"post_tag","embeddable":true,"href":"https:\/\/chaletararatmegeve.com\/fr\/wp-json\/wp\/v2\/tags?post=1415"}],"curies":[{"name":"wp","href":"https:\/\/api.w.org\/{rel}","templated":true}]}}