{"id":2105,"date":"2025-02-18T16:56:13","date_gmt":"2025-02-18T15:56:13","guid":{"rendered":"https:\/\/chaletararatmegeve.com\/fr\/?p=2105"},"modified":"2025-08-26T15:44:09","modified_gmt":"2025-08-26T13:44:09","slug":"les-evenements-incontournables-a-combloux-en-hiver-et-en-ete","status":"publish","type":"post","link":"https:\/\/chaletararatmegeve.com\/fr\/les-evenements-incontournables-a-combloux-en-hiver-et-en-ete\/","title":{"rendered":"Les \u00e9v\u00e9nements incontournables \u00e0 Combloux en hiver et en \u00e9t\u00e9"},"content":{"rendered":"<div class=\"automation-post\">\n<p>Les \u00e9v\u00e9nements incontournables \u00e0 Combloux en hiver et en \u00e9t\u00e9 : un s\u00e9jour inoubliable face au Mont-Blanc<\/p>\n<h1 id=\"les-v-nements-incontournables-combloux-en-hiver-et-en-t-\">Les \u00e9v\u00e9nements incontournables \u00e0 Combloux en hiver et en \u00e9t\u00e9<\/h1>\n<p>Bienvenue \u00e0 Combloux, ce petit coin de paradis nich\u00e9 au c\u0153ur des Alpes fran\u00e7aises, o\u00f9 le Mont-Blanc se dresse majestueusement en toile de fond. Que vous soyez amateur de sports d&rsquo;hiver, passionn\u00e9 de randonn\u00e9e estivale ou simplement en qu\u00eate de d\u00e9tente, Combloux vous offre une multitude d&rsquo;exp\u00e9riences inoubliables tout au long de l&rsquo;ann\u00e9e. Laissez-nous vous guider \u00e0 travers les activit\u00e9s et \u00e9v\u00e9nements incontournables qui font de cette station un lieu de vill\u00e9giature exceptionnel, \u00e9t\u00e9 comme hiver.<\/p>\n<h2 id=\"la-magie-de-l-hiver-combloux-glisse-et-f-erie\">La magie de l&rsquo;hiver \u00e0 Combloux : glisse et f\u00e9erie<\/h2>\n<p>D\u00e8s que les premiers flocons recouvrent les pentes de Combloux, la station se transforme en un v\u00e9ritable paradis blanc. Les paysages enneig\u00e9s offrent un cadre idyllique pour une multitude d&rsquo;activit\u00e9s hivernales qui raviront petits et grands.<\/p>\n<h3 id=\"le-ski-alpin-une-exp-rience-unique-face-au-mont-blanc\">Le ski alpin : une exp\u00e9rience unique face au Mont-Blanc<\/h3>\n<p>Combloux est avant tout r\u00e9put\u00e9e pour son domaine skiable exceptionnel. Avec ses 100 km de pistes tous niveaux, la station offre un terrain de jeu id\u00e9al pour les skieurs de tous horizons. Que vous soyez d\u00e9butant ou expert, vous trouverez forc\u00e9ment votre bonheur sur les pentes de Combloux.<\/p>\n<p>L&rsquo;un des atouts majeurs de la station r\u00e9side dans son panorama \u00e0 couper le souffle. Imaginez-vous d\u00e9valer les pistes avec le majestueux Mont-Blanc comme toile de fond&#8230; Une exp\u00e9rience unique qui restera grav\u00e9e dans vos m\u00e9moires !<\/p>\n<p>100 km de pistes tous niveaux, face au Mont-Blanc&#8230; le ski \u00e0 Combloux vous laissera un souvenir inoubliable.<\/p>\n<h3 id=\"l-chapp-e-rando-une-initiation-au-ski-de-randonn-e\">L&rsquo;\u00c9chapp\u00e9e Rando : une initiation au ski de randonn\u00e9e<\/h3>\n<p>Pour ceux qui souhaitent s&rsquo;aventurer hors des sentiers battus, Combloux propose une activit\u00e9 originale : l&rsquo;\u00c9chapp\u00e9e Rando. Cette mont\u00e9e nocturne encadr\u00e9e est l&rsquo;occasion parfaite de s&rsquo;initier au ski de randonn\u00e9e en toute s\u00e9curit\u00e9. Organis\u00e9e tous les mercredis de l&rsquo;hiver, cette sortie est encadr\u00e9e par des moniteurs ESF et des pisteurs exp\u00e9riment\u00e9s.<\/p>\n<p>C&rsquo;est une exp\u00e9rience unique qui vous permettra de d\u00e9couvrir la montagne sous un autre angle, loin de l&rsquo;agitation des pistes. La sensation de libert\u00e9 et l&rsquo;\u00e9motion de fouler une neige immacul\u00e9e vous laisseront des souvenirs imp\u00e9rissables.<\/p>\n<h3 id=\"des-cours-de-ski-pour-tous-les-niveaux\">Des cours de ski pour tous les niveaux<\/h3>\n<p>L&rsquo;\u00c9cole du Ski Fran\u00e7ais (ESF) de Combloux propose des cours adapt\u00e9s \u00e0 tous les \u00e2ges et tous les niveaux. Les enfants peuvent s&rsquo;initier \u00e0 la glisse d\u00e8s l&rsquo;\u00e2ge de 3 ans avec le club Piou-piou et les cours oursons. Pour les adultes, l&rsquo;ESF offre une large gamme de disciplines : ski alpin, snowboard, ski nordique, ski de randonn\u00e9e, handiski, t\u00e9l\u00e9mark, taxi ski&#8230; De quoi satisfaire toutes les envies et progresser dans les meilleures conditions.<\/p>\n<h3 id=\"des-activit-s-ludiques-pour-toute-la-famille\">Des activit\u00e9s ludiques pour toute la famille<\/h3>\n<p>Au-del\u00e0 du ski, Combloux regorge d&rsquo;activit\u00e9s hivernales pour tous les go\u00fbts. Luge, raquettes, trottinette et VTT sur neige, stages petits trappeurs, nuit en igloo, motoneige&#8230; Les possibilit\u00e9s sont infinies pour cr\u00e9er des souvenirs inoubliables en famille ou entre amis.<\/p>\n<p>Zoom sur la nuit en igloo : Vivez une exp\u00e9rience hors du commun en passant une nuit dans un v\u00e9ritable igloo. Apr\u00e8s une randonn\u00e9e en raquettes au coucher du soleil, vous apprendrez \u00e0 construire votre abri de neige avant de d\u00e9guster une fondue savoyarde sous les \u00e9toiles. Une aventure unique qui vous plongera au c\u0153ur de la nature hivernale de Combloux.<\/p>\n<h2 id=\"les-temps-forts-de-l-hiver-combloux\">Les temps forts de l&rsquo;hiver \u00e0 Combloux<\/h2>\n<p>La saison hivernale \u00e0 Combloux est rythm\u00e9e par de nombreux \u00e9v\u00e9nements qui animent la station et cr\u00e9ent une ambiance festive tout au long de la saison.<\/p>\n<h3 id=\"les-comp-titions-de-ski-l-adr-naline-au-rendez-vous\">Les comp\u00e9titions de ski : l&rsquo;adr\u00e9naline au rendez-vous<\/h3>\n<p>Tout au long de l&rsquo;hiver, Combloux accueille diverses comp\u00e9titions de ski qui attirent les passionn\u00e9s de glisse. Du slalom g\u00e9ant au ski cross en passant par le freestyle, ces \u00e9v\u00e9nements offrent un spectacle \u00e9poustouflant et une ambiance \u00e9lectrique au pied des pistes.<\/p>\n<h3 id=\"les-festivit-s-de-fin-d-ann-e-magie-et-traditions\">Les festivit\u00e9s de fin d&rsquo;ann\u00e9e : magie et traditions<\/h3>\n<p>La p\u00e9riode des f\u00eates est particuli\u00e8rement magique \u00e0 Combloux. Le village se pare de ses plus beaux atours et propose de nombreuses animations : march\u00e9 de No\u00ebl, descente aux flambeaux, feu d&rsquo;artifice du Nouvel An&#8230; Autant d&rsquo;occasions de vivre des moments chaleureux et conviviaux en famille ou entre amis.<\/p>\n<h2 id=\"l-t-combloux-entre-nature-et-activit-s-sportives\">L&rsquo;\u00e9t\u00e9 \u00e0 Combloux : entre nature et activit\u00e9s sportives<\/h2>\n<p>Lorsque la neige fond et laisse place aux prairies verdoyantes, Combloux se m\u00e9tamorphose en un v\u00e9ritable terrain de jeu pour les amoureux de la nature et des activit\u00e9s de plein air.<\/p>\n<h3 id=\"le-plan-d-eau-biotope-une-baignade-naturelle-face-au-mont-blanc\">Le plan d&rsquo;eau biotope : une baignade naturelle face au Mont-Blanc<\/h3>\n<p>L&rsquo;un des joyaux de Combloux en \u00e9t\u00e9 est sans conteste son plan d&rsquo;eau biotope. Premier plan d&rsquo;eau \u00e9cologique ouvert au public en France, il offre une exp\u00e9rience de baignade unique dans un cadre exceptionnel. Imaginez-vous nager dans une eau pure et cristalline, avec le Mont-Blanc en toile de fond&#8230; Un v\u00e9ritable moment de d\u00e9tente et de communion avec la nature.<\/p>\n<p>Le plan d&rsquo;eau biotope de Combloux, c&rsquo;est 1500 m2 de baignade naturelle avec une vue imprenable sur le Mont-Blanc.<\/p>\n<h3 id=\"la-randonn-e-des-panoramas-couper-le-souffle\">La randonn\u00e9e : des panoramas \u00e0 couper le souffle<\/h3>\n<p>Combloux est un v\u00e9ritable paradis pour les amateurs de randonn\u00e9e. Avec ses nombreux sentiers balis\u00e9s, la station offre des itin\u00e9raires adapt\u00e9s \u00e0 tous les niveaux, de la balade familiale \u00e0 la randonn\u00e9e sportive. Ne manquez pas le sentier des Graniteurs, qui vous fera d\u00e9couvrir l&rsquo;histoire locale tout en profitant de vues panoramiques exceptionnelles sur la cha\u00eene du Mont-Blanc.<\/p>\n<h3 id=\"le-vtt-sensations-fortes-garanties\">Le VTT : sensations fortes garanties<\/h3>\n<p>Les amateurs de VTT trouveront leur bonheur \u00e0 Combloux avec 4 itin\u00e9raires balis\u00e9s de 4 \u00e0 18 km. Que vous soyez d\u00e9butant ou expert, vous pourrez profiter des paysages magnifiques tout en vous adonnant \u00e0 votre passion. Pour encore plus de sensations, n&rsquo;h\u00e9sitez pas \u00e0 tester la descente en VTT depuis le sommet du Jaillet !<\/p>\n<h3 id=\"les-activit-s-au-jaillet-fun-et-panorama\">Les activit\u00e9s au Jaillet : fun et panorama<\/h3>\n<p>\u00c0 quelques minutes de Combloux, le Jaillet offre un concentr\u00e9 d&rsquo;activit\u00e9s ludiques pour toute la famille. Empruntez la t\u00e9l\u00e9cabine pour rejoindre l&rsquo;aire de jeux panoramique et profitez d&rsquo;une vue imprenable sur le massif du Mont-Blanc. Pour les amateurs de sensations fortes, la Luge 4S vous attend pour des descentes vertigineuses sur rail !<\/p>\n<h2 id=\"les-v-nements-estivaux-ne-pas-manquer\">Les \u00e9v\u00e9nements estivaux \u00e0 ne pas manquer<\/h2>\n<p>L&rsquo;\u00e9t\u00e9 \u00e0 Combloux est ponctu\u00e9 de nombreux \u00e9v\u00e9nements qui animent la station et offrent des exp\u00e9riences uniques aux visiteurs.<\/p>\n<h3 id=\"les-festivals-entre-culture-et-convivialit-\">Les festivals : entre culture et convivialit\u00e9<\/h3>\n<p>Chaque \u00e9t\u00e9, Combloux accueille plusieurs festivals qui mettent \u00e0 l&rsquo;honneur la musique, l&rsquo;art et la culture locale. Ne manquez pas le Festival des Illuminations, qui transforme le village en un v\u00e9ritable spectacle son et lumi\u00e8re \u00e0 la tomb\u00e9e de la nuit.<\/p>\n<h3 id=\"les-comp-titions-sportives-d-passement-de-soi-et-spectacle\">Les comp\u00e9titions sportives : d\u00e9passement de soi et spectacle<\/h3>\n<p>Les sportifs seront combl\u00e9s par les nombreuses comp\u00e9titions organis\u00e9es \u00e0 Combloux durant l&rsquo;\u00e9t\u00e9. Du trail \u00e0 la course de VTT en passant par le triathlon, ces \u00e9v\u00e9nements attirent des participants du monde entier et offrent un spectacle impressionnant aux spectateurs.<\/p>\n<ul>\n<li>Le Trail du Mont-Blanc : une course mythique qui traverse Combloux<\/li>\n<li>La MB Race : l&rsquo;une des courses VTT les plus difficiles au monde<\/li>\n<li>Le Triathlon du Mont-Blanc : un d\u00e9fi sportif dans un cadre exceptionnel<\/li>\n<\/ul>\n<h2 id=\"profiter-pleinement-de-combloux-toute-l-ann-e\">Profiter pleinement de Combloux toute l&rsquo;ann\u00e9e<\/h2>\n<p>Que vous choisissiez de venir \u00e0 Combloux en hiver ou en \u00e9t\u00e9, voici quelques conseils pour optimiser votre s\u00e9jour et profiter pleinement de tout ce que la station a \u00e0 offrir.<\/p>\n<h3 id=\"les-meilleurs-points-de-vue-sur-le-mont-blanc\">Les meilleurs points de vue sur le Mont-Blanc<\/h3>\n<p>Combloux est surnomm\u00e9e \u00ab\u00a0la perle du Mont-Blanc\u00a0\u00bb pour ses panoramas exceptionnels sur le massif. Ne manquez pas ces points de vue incontournables :<\/p>\n<ul>\n<li>Le belv\u00e9d\u00e8re du Chiroulet : accessible en voiture, il offre une vue imprenable sur la cha\u00eene du Mont-Blanc<\/li>\n<li>Le sommet du Jaillet : atteignable en t\u00e9l\u00e9cabine, il propose un panorama \u00e0 360\u00b0 sur les Alpes<\/li>\n<li>Le plan d&rsquo;eau biotope : pour admirer le reflet du Mont-Blanc dans l&rsquo;eau cristalline<\/li>\n<\/ul>\n<h3 id=\"-la-d-couverte-du-patrimoine-local\">\u00c0 la d\u00e9couverte du patrimoine local<\/h3>\n<p>Combloux poss\u00e8de un riche patrimoine culturel et architectural. Prenez le temps de fl\u00e2ner dans les ruelles du village pour admirer les fermes traditionnelles, les chapelles et les oratoires qui t\u00e9moignent de l&rsquo;histoire locale. Ne manquez pas la visite de l&rsquo;\u00e9glise Saint-Nicolas, joyau de l&rsquo;art baroque savoyard.<\/p>\n<p>Pour profiter pleinement de toutes ces activit\u00e9s et \u00e9v\u00e9nements, le <a href=\"https:\/\/chaletararatmegeve.com\/fr\/les-meilleures-pistes-de-ski-a-megeve\/\">Chalet Ararat vous accueille dans un cadre luxueux et confortable<\/a>. Situ\u00e9 \u00e0 proximit\u00e9 de Combloux, notre chalet offre une vue imprenable sur la cha\u00eene des Aravis et un acc\u00e8s facile \u00e0 toutes les activit\u00e9s de la r\u00e9gion. Que vous veniez pour une escapade hivernale ou des vacances estivales, notre \u00e9quipe se fera un plaisir de vous conseiller et d&rsquo;organiser votre s\u00e9jour sur mesure pour que vous puissiez vivre une exp\u00e9rience inoubliable \u00e0 Combloux et ses environs.<\/p>\n<p>Alors, pr\u00eat \u00e0 vivre des moments magiques face au Mont-Blanc ? Combloux vous attend pour des vacances exceptionnelles, quelle que soit la saison !<\/p>\n<\/div>\n","protected":false},"excerpt":{"rendered":"<p>D\u00e9couvrez les stations de ski offrant les plus belles vues sur le majestueux Mont-Blanc. Entre pistes exceptionnelles et paysages grandioses, vivez une exp\u00e9rience inoubliable au c\u0153ur des Alpes.<\/p>\n","protected":false},"author":6,"featured_media":2104,"comment_status":"closed","ping_status":"open","sticky":false,"template":"","format":"standard","meta":{"footnotes":""},"categories":[1],"tags":[],"class_list":["post-2105","post","type-post","status-publish","format-standard","has-post-thumbnail","hentry","category-non-classe"],"yoast_head":"<!-- This site is optimized with the Yoast SEO plugin v27.3 - https:\/\/yoast.com\/product\/yoast-seo-wordpress\/ -->\n<title>Les \u00e9v\u00e9nements incontournables \u00e0 Combloux en hiver et en \u00e9t\u00e9 - Chalet Ararat<\/title>\n<meta name=\"description\" content=\"[Collection]\" \/>\n<meta name=\"robots\" content=\"index, follow, max-snippet:-1, max-image-preview:large, max-video-preview:-1\" \/>\n<link rel=\"canonical\" href=\"https:\/\/chaletararatmegeve.com\/fr\/les-evenements-incontournables-a-combloux-en-hiver-et-en-ete\/\" \/>\n<meta property=\"og:locale\" content=\"fr_FR\" \/>\n<meta property=\"og:type\" content=\"article\" \/>\n<meta property=\"og:title\" content=\"Les \u00e9v\u00e9nements incontournables \u00e0 Combloux en hiver et en \u00e9t\u00e9 - Chalet Ararat\" \/>\n<meta property=\"og:description\" content=\"[Collection]\" \/>\n<meta property=\"og:url\" content=\"https:\/\/chaletararatmegeve.com\/fr\/les-evenements-incontournables-a-combloux-en-hiver-et-en-ete\/\" \/>\n<meta property=\"og:site_name\" content=\"Chalet Ararat\" \/>\n<meta property=\"article:published_time\" content=\"2025-02-18T15:56:13+00:00\" \/>\n<meta property=\"article:modified_time\" content=\"2025-08-26T13:44:09+00:00\" \/>\n<meta property=\"og:image\" content=\"https:\/\/chaletararatmegeve.com\/wp-content\/uploads\/2025\/02\/file.jpeg\" \/>\n\t<meta property=\"og:image:width\" content=\"1920\" \/>\n\t<meta property=\"og:image:height\" content=\"1080\" \/>\n\t<meta property=\"og:image:type\" content=\"image\/jpeg\" \/>\n<meta name=\"author\" content=\"Alexandre\" \/>\n<meta name=\"twitter:card\" content=\"summary_large_image\" \/>\n<meta name=\"twitter:label1\" content=\"\u00c9crit par\" \/>\n\t<meta name=\"twitter:data1\" content=\"Alexandre\" \/>\n\t<meta name=\"twitter:label2\" content=\"Dur\u00e9e de lecture estim\u00e9e\" \/>\n\t<meta name=\"twitter:data2\" content=\"8 minutes\" \/>\n<script type=\"application\/ld+json\" class=\"yoast-schema-graph\">{\"@context\":\"https:\\\/\\\/schema.org\",\"@graph\":[{\"@type\":\"Article\",\"@id\":\"https:\\\/\\\/chaletararatmegeve.com\\\/fr\\\/les-evenements-incontournables-a-combloux-en-hiver-et-en-ete\\\/#article\",\"isPartOf\":{\"@id\":\"https:\\\/\\\/chaletararatmegeve.com\\\/fr\\\/les-evenements-incontournables-a-combloux-en-hiver-et-en-ete\\\/\"},\"author\":{\"name\":\"Alexandre\",\"@id\":\"https:\\\/\\\/chaletararatmegeve.com\\\/fr\\\/#\\\/schema\\\/person\\\/552ec7b445baf03ed62e6c37e77e2a98\"},\"headline\":\"Les \u00e9v\u00e9nements incontournables \u00e0 Combloux en hiver et en \u00e9t\u00e9\",\"datePublished\":\"2025-02-18T15:56:13+00:00\",\"dateModified\":\"2025-08-26T13:44:09+00:00\",\"mainEntityOfPage\":{\"@id\":\"https:\\\/\\\/chaletararatmegeve.com\\\/fr\\\/les-evenements-incontournables-a-combloux-en-hiver-et-en-ete\\\/\"},\"wordCount\":1567,\"publisher\":{\"@id\":\"https:\\\/\\\/chaletararatmegeve.com\\\/fr\\\/#organization\"},\"image\":{\"@id\":\"https:\\\/\\\/chaletararatmegeve.com\\\/fr\\\/les-evenements-incontournables-a-combloux-en-hiver-et-en-ete\\\/#primaryimage\"},\"thumbnailUrl\":\"https:\\\/\\\/chaletararatmegeve.com\\\/wp-content\\\/uploads\\\/2025\\\/02\\\/file.jpeg\",\"inLanguage\":\"fr-FR\"},{\"@type\":\"WebPage\",\"@id\":\"https:\\\/\\\/chaletararatmegeve.com\\\/fr\\\/les-evenements-incontournables-a-combloux-en-hiver-et-en-ete\\\/\",\"url\":\"https:\\\/\\\/chaletararatmegeve.com\\\/fr\\\/les-evenements-incontournables-a-combloux-en-hiver-et-en-ete\\\/\",\"name\":\"Les \u00e9v\u00e9nements incontournables \u00e0 Combloux en hiver et en \u00e9t\u00e9 - Chalet Ararat\",\"isPartOf\":{\"@id\":\"https:\\\/\\\/chaletararatmegeve.com\\\/fr\\\/#website\"},\"primaryImageOfPage\":{\"@id\":\"https:\\\/\\\/chaletararatmegeve.com\\\/fr\\\/les-evenements-incontournables-a-combloux-en-hiver-et-en-ete\\\/#primaryimage\"},\"image\":{\"@id\":\"https:\\\/\\\/chaletararatmegeve.com\\\/fr\\\/les-evenements-incontournables-a-combloux-en-hiver-et-en-ete\\\/#primaryimage\"},\"thumbnailUrl\":\"https:\\\/\\\/chaletararatmegeve.com\\\/wp-content\\\/uploads\\\/2025\\\/02\\\/file.jpeg\",\"datePublished\":\"2025-02-18T15:56:13+00:00\",\"dateModified\":\"2025-08-26T13:44:09+00:00\",\"description\":\"[Collection]\",\"breadcrumb\":{\"@id\":\"https:\\\/\\\/chaletararatmegeve.com\\\/fr\\\/les-evenements-incontournables-a-combloux-en-hiver-et-en-ete\\\/#breadcrumb\"},\"inLanguage\":\"fr-FR\",\"potentialAction\":[{\"@type\":\"ReadAction\",\"target\":[\"https:\\\/\\\/chaletararatmegeve.com\\\/fr\\\/les-evenements-incontournables-a-combloux-en-hiver-et-en-ete\\\/\"]}]},{\"@type\":\"ImageObject\",\"inLanguage\":\"fr-FR\",\"@id\":\"https:\\\/\\\/chaletararatmegeve.com\\\/fr\\\/les-evenements-incontournables-a-combloux-en-hiver-et-en-ete\\\/#primaryimage\",\"url\":\"https:\\\/\\\/chaletararatmegeve.com\\\/wp-content\\\/uploads\\\/2025\\\/02\\\/file.jpeg\",\"contentUrl\":\"https:\\\/\\\/chaletararatmegeve.com\\\/wp-content\\\/uploads\\\/2025\\\/02\\\/file.jpeg\",\"width\":1920,\"height\":1080,\"caption\":\"chalet-ararat-megeve-site-web-Les-evenements-incontournables-a-Combloux-en-hiver-et-en-ete.jpg\"},{\"@type\":\"BreadcrumbList\",\"@id\":\"https:\\\/\\\/chaletararatmegeve.com\\\/fr\\\/les-evenements-incontournables-a-combloux-en-hiver-et-en-ete\\\/#breadcrumb\",\"itemListElement\":[{\"@type\":\"ListItem\",\"position\":1,\"name\":\"Accueil\",\"item\":\"https:\\\/\\\/chaletararatmegeve.com\\\/\"},{\"@type\":\"ListItem\",\"position\":2,\"name\":\"Les \u00e9v\u00e9nements incontournables \u00e0 Combloux en hiver et en \u00e9t\u00e9\"}]},{\"@type\":\"WebSite\",\"@id\":\"https:\\\/\\\/chaletararatmegeve.com\\\/fr\\\/#website\",\"url\":\"https:\\\/\\\/chaletararatmegeve.com\\\/fr\\\/\",\"name\":\"Chalet Ararat\",\"description\":\"Luxury Chalet in Meg\u00e8ve\",\"publisher\":{\"@id\":\"https:\\\/\\\/chaletararatmegeve.com\\\/fr\\\/#organization\"},\"potentialAction\":[{\"@type\":\"SearchAction\",\"target\":{\"@type\":\"EntryPoint\",\"urlTemplate\":\"https:\\\/\\\/chaletararatmegeve.com\\\/fr\\\/?s={search_term_string}\"},\"query-input\":{\"@type\":\"PropertyValueSpecification\",\"valueRequired\":true,\"valueName\":\"search_term_string\"}}],\"inLanguage\":\"fr-FR\"},{\"@type\":\"Organization\",\"@id\":\"https:\\\/\\\/chaletararatmegeve.com\\\/fr\\\/#organization\",\"name\":\"Chalet Ararat\",\"url\":\"https:\\\/\\\/chaletararatmegeve.com\\\/fr\\\/\",\"logo\":{\"@type\":\"ImageObject\",\"inLanguage\":\"fr-FR\",\"@id\":\"https:\\\/\\\/chaletararatmegeve.com\\\/fr\\\/#\\\/schema\\\/logo\\\/image\\\/\",\"url\":\"https:\\\/\\\/chaletararatmegeve.com\\\/wp-content\\\/uploads\\\/2024\\\/05\\\/chalet-ararat-logotype-or.svg\",\"contentUrl\":\"https:\\\/\\\/chaletararatmegeve.com\\\/wp-content\\\/uploads\\\/2024\\\/05\\\/chalet-ararat-logotype-or.svg\",\"width\":147,\"height\":47,\"caption\":\"Chalet Ararat\"},\"image\":{\"@id\":\"https:\\\/\\\/chaletararatmegeve.com\\\/fr\\\/#\\\/schema\\\/logo\\\/image\\\/\"}},{\"@type\":\"Person\",\"@id\":\"https:\\\/\\\/chaletararatmegeve.com\\\/fr\\\/#\\\/schema\\\/person\\\/552ec7b445baf03ed62e6c37e77e2a98\",\"name\":\"Alexandre\",\"image\":{\"@type\":\"ImageObject\",\"inLanguage\":\"fr-FR\",\"@id\":\"https:\\\/\\\/secure.gravatar.com\\\/avatar\\\/55244ddfeff4d10a2b06e42cb797fe918a336105b82b6f5201a3a07b1e4df8f9?s=96&d=mm&r=g\",\"url\":\"https:\\\/\\\/secure.gravatar.com\\\/avatar\\\/55244ddfeff4d10a2b06e42cb797fe918a336105b82b6f5201a3a07b1e4df8f9?s=96&d=mm&r=g\",\"contentUrl\":\"https:\\\/\\\/secure.gravatar.com\\\/avatar\\\/55244ddfeff4d10a2b06e42cb797fe918a336105b82b6f5201a3a07b1e4df8f9?s=96&d=mm&r=g\",\"caption\":\"Alexandre\"},\"url\":\"https:\\\/\\\/chaletararatmegeve.com\\\/fr\"}]}<\/script>\n<!-- \/ Yoast SEO plugin. -->","yoast_head_json":{"title":"Les \u00e9v\u00e9nements incontournables \u00e0 Combloux en hiver et en \u00e9t\u00e9 - Chalet Ararat","description":"[Collection]","robots":{"index":"index","follow":"follow","max-snippet":"max-snippet:-1","max-image-preview":"max-image-preview:large","max-video-preview":"max-video-preview:-1"},"canonical":"https:\/\/chaletararatmegeve.com\/fr\/les-evenements-incontournables-a-combloux-en-hiver-et-en-ete\/","og_locale":"fr_FR","og_type":"article","og_title":"Les \u00e9v\u00e9nements incontournables \u00e0 Combloux en hiver et en \u00e9t\u00e9 - Chalet Ararat","og_description":"[Collection]","og_url":"https:\/\/chaletararatmegeve.com\/fr\/les-evenements-incontournables-a-combloux-en-hiver-et-en-ete\/","og_site_name":"Chalet Ararat","article_published_time":"2025-02-18T15:56:13+00:00","article_modified_time":"2025-08-26T13:44:09+00:00","og_image":[{"width":1920,"height":1080,"url":"https:\/\/chaletararatmegeve.com\/wp-content\/uploads\/2025\/02\/file.jpeg","type":"image\/jpeg"}],"author":"Alexandre","twitter_card":"summary_large_image","twitter_misc":{"\u00c9crit par":"Alexandre","Dur\u00e9e de lecture estim\u00e9e":"8 minutes"},"schema":{"@context":"https:\/\/schema.org","@graph":[{"@type":"Article","@id":"https:\/\/chaletararatmegeve.com\/fr\/les-evenements-incontournables-a-combloux-en-hiver-et-en-ete\/#article","isPartOf":{"@id":"https:\/\/chaletararatmegeve.com\/fr\/les-evenements-incontournables-a-combloux-en-hiver-et-en-ete\/"},"author":{"name":"Alexandre","@id":"https:\/\/chaletararatmegeve.com\/fr\/#\/schema\/person\/552ec7b445baf03ed62e6c37e77e2a98"},"headline":"Les \u00e9v\u00e9nements incontournables \u00e0 Combloux en hiver et en \u00e9t\u00e9","datePublished":"2025-02-18T15:56:13+00:00","dateModified":"2025-08-26T13:44:09+00:00","mainEntityOfPage":{"@id":"https:\/\/chaletararatmegeve.com\/fr\/les-evenements-incontournables-a-combloux-en-hiver-et-en-ete\/"},"wordCount":1567,"publisher":{"@id":"https:\/\/chaletararatmegeve.com\/fr\/#organization"},"image":{"@id":"https:\/\/chaletararatmegeve.com\/fr\/les-evenements-incontournables-a-combloux-en-hiver-et-en-ete\/#primaryimage"},"thumbnailUrl":"https:\/\/chaletararatmegeve.com\/wp-content\/uploads\/2025\/02\/file.jpeg","inLanguage":"fr-FR"},{"@type":"WebPage","@id":"https:\/\/chaletararatmegeve.com\/fr\/les-evenements-incontournables-a-combloux-en-hiver-et-en-ete\/","url":"https:\/\/chaletararatmegeve.com\/fr\/les-evenements-incontournables-a-combloux-en-hiver-et-en-ete\/","name":"Les \u00e9v\u00e9nements incontournables \u00e0 Combloux en hiver et en \u00e9t\u00e9 - Chalet Ararat","isPartOf":{"@id":"https:\/\/chaletararatmegeve.com\/fr\/#website"},"primaryImageOfPage":{"@id":"https:\/\/chaletararatmegeve.com\/fr\/les-evenements-incontournables-a-combloux-en-hiver-et-en-ete\/#primaryimage"},"image":{"@id":"https:\/\/chaletararatmegeve.com\/fr\/les-evenements-incontournables-a-combloux-en-hiver-et-en-ete\/#primaryimage"},"thumbnailUrl":"https:\/\/chaletararatmegeve.com\/wp-content\/uploads\/2025\/02\/file.jpeg","datePublished":"2025-02-18T15:56:13+00:00","dateModified":"2025-08-26T13:44:09+00:00","description":"[Collection]","breadcrumb":{"@id":"https:\/\/chaletararatmegeve.com\/fr\/les-evenements-incontournables-a-combloux-en-hiver-et-en-ete\/#breadcrumb"},"inLanguage":"fr-FR","potentialAction":[{"@type":"ReadAction","target":["https:\/\/chaletararatmegeve.com\/fr\/les-evenements-incontournables-a-combloux-en-hiver-et-en-ete\/"]}]},{"@type":"ImageObject","inLanguage":"fr-FR","@id":"https:\/\/chaletararatmegeve.com\/fr\/les-evenements-incontournables-a-combloux-en-hiver-et-en-ete\/#primaryimage","url":"https:\/\/chaletararatmegeve.com\/wp-content\/uploads\/2025\/02\/file.jpeg","contentUrl":"https:\/\/chaletararatmegeve.com\/wp-content\/uploads\/2025\/02\/file.jpeg","width":1920,"height":1080,"caption":"chalet-ararat-megeve-site-web-Les-evenements-incontournables-a-Combloux-en-hiver-et-en-ete.jpg"},{"@type":"BreadcrumbList","@id":"https:\/\/chaletararatmegeve.com\/fr\/les-evenements-incontournables-a-combloux-en-hiver-et-en-ete\/#breadcrumb","itemListElement":[{"@type":"ListItem","position":1,"name":"Accueil","item":"https:\/\/chaletararatmegeve.com\/"},{"@type":"ListItem","position":2,"name":"Les \u00e9v\u00e9nements incontournables \u00e0 Combloux en hiver et en \u00e9t\u00e9"}]},{"@type":"WebSite","@id":"https:\/\/chaletararatmegeve.com\/fr\/#website","url":"https:\/\/chaletararatmegeve.com\/fr\/","name":"Chalet Ararat","description":"Luxury Chalet in Meg\u00e8ve","publisher":{"@id":"https:\/\/chaletararatmegeve.com\/fr\/#organization"},"potentialAction":[{"@type":"SearchAction","target":{"@type":"EntryPoint","urlTemplate":"https:\/\/chaletararatmegeve.com\/fr\/?s={search_term_string}"},"query-input":{"@type":"PropertyValueSpecification","valueRequired":true,"valueName":"search_term_string"}}],"inLanguage":"fr-FR"},{"@type":"Organization","@id":"https:\/\/chaletararatmegeve.com\/fr\/#organization","name":"Chalet Ararat","url":"https:\/\/chaletararatmegeve.com\/fr\/","logo":{"@type":"ImageObject","inLanguage":"fr-FR","@id":"https:\/\/chaletararatmegeve.com\/fr\/#\/schema\/logo\/image\/","url":"https:\/\/chaletararatmegeve.com\/wp-content\/uploads\/2024\/05\/chalet-ararat-logotype-or.svg","contentUrl":"https:\/\/chaletararatmegeve.com\/wp-content\/uploads\/2024\/05\/chalet-ararat-logotype-or.svg","width":147,"height":47,"caption":"Chalet Ararat"},"image":{"@id":"https:\/\/chaletararatmegeve.com\/fr\/#\/schema\/logo\/image\/"}},{"@type":"Person","@id":"https:\/\/chaletararatmegeve.com\/fr\/#\/schema\/person\/552ec7b445baf03ed62e6c37e77e2a98","name":"Alexandre","image":{"@type":"ImageObject","inLanguage":"fr-FR","@id":"https:\/\/secure.gravatar.com\/avatar\/55244ddfeff4d10a2b06e42cb797fe918a336105b82b6f5201a3a07b1e4df8f9?s=96&d=mm&r=g","url":"https:\/\/secure.gravatar.com\/avatar\/55244ddfeff4d10a2b06e42cb797fe918a336105b82b6f5201a3a07b1e4df8f9?s=96&d=mm&r=g","contentUrl":"https:\/\/secure.gravatar.com\/avatar\/55244ddfeff4d10a2b06e42cb797fe918a336105b82b6f5201a3a07b1e4df8f9?s=96&d=mm&r=g","caption":"Alexandre"},"url":"https:\/\/chaletararatmegeve.com\/fr"}]}},"_links":{"self":[{"href":"https:\/\/chaletararatmegeve.com\/fr\/wp-json\/wp\/v2\/posts\/2105","targetHints":{"allow":["GET"]}}],"collection":[{"href":"https:\/\/chaletararatmegeve.com\/fr\/wp-json\/wp\/v2\/posts"}],"about":[{"href":"https:\/\/chaletararatmegeve.com\/fr\/wp-json\/wp\/v2\/types\/post"}],"author":[{"embeddable":true,"href":"https:\/\/chaletararatmegeve.com\/fr\/wp-json\/wp\/v2\/users\/6"}],"replies":[{"embeddable":true,"href":"https:\/\/chaletararatmegeve.com\/fr\/wp-json\/wp\/v2\/comments?post=2105"}],"version-history":[{"count":2,"href":"https:\/\/chaletararatmegeve.com\/fr\/wp-json\/wp\/v2\/posts\/2105\/revisions"}],"predecessor-version":[{"id":2108,"href":"https:\/\/chaletararatmegeve.com\/fr\/wp-json\/wp\/v2\/posts\/2105\/revisions\/2108"}],"wp:featuredmedia":[{"embeddable":true,"href":"https:\/\/chaletararatmegeve.com\/fr\/wp-json\/wp\/v2\/media\/2104"}],"wp:attachment":[{"href":"https:\/\/chaletararatmegeve.com\/fr\/wp-json\/wp\/v2\/media?parent=2105"}],"wp:term":[{"taxonomy":"category","embeddable":true,"href":"https:\/\/chaletararatmegeve.com\/fr\/wp-json\/wp\/v2\/categories?post=2105"},{"taxonomy":"post_tag","embeddable":true,"href":"https:\/\/chaletararatmegeve.com\/fr\/wp-json\/wp\/v2\/tags?post=2105"}],"curies":[{"name":"wp","href":"https:\/\/api.w.org\/{rel}","templated":true}]}}