{"id":2122,"date":"2025-04-07T09:44:22","date_gmt":"2025-04-07T07:44:22","guid":{"rendered":"https:\/\/chaletararatmegeve.com\/fr\/?p=2122"},"modified":"2025-08-26T15:43:49","modified_gmt":"2025-08-26T13:43:49","slug":"experiences-gastronomiques-privees-a-megeve-un-voyage-culinaire-alpin","status":"publish","type":"post","link":"https:\/\/chaletararatmegeve.com\/fr\/experiences-gastronomiques-privees-a-megeve-un-voyage-culinaire-alpin\/","title":{"rendered":"Exp\u00e9riences Gastronomiques Priv\u00e9es \u00e0 Meg\u00e8ve : Un Voyage Culinaire Alpin"},"content":{"rendered":"<div class=\"automation-post\">\n<p>Bienvenue dans l&rsquo;univers raffin\u00e9 des exp\u00e9riences gastronomiques priv\u00e9es \u00e0 Meg\u00e8ve, o\u00f9 la haute cuisine alpine rencontre le luxe et l&rsquo;exclusivit\u00e9. Cette station de ski embl\u00e9matique s&rsquo;est transform\u00e9e en une v\u00e9ritable destination culinaire, offrant des moments inoubliables aux amateurs de gastronomie. Pr\u00e9parez-vous \u00e0 un festin pour les sens, o\u00f9 chaque bouch\u00e9e raconte l&rsquo;histoire des Alpes fran\u00e7aises.<\/p>\n<h2 id=\"l-volution-savoureuse-de-la-sc-ne-culinaire-de-meg-ve\">L&rsquo;\u00e9volution savoureuse de la sc\u00e8ne culinaire de Meg\u00e8ve<\/h2>\n<p>Meg\u00e8ve, autrefois simple village de montagne, s&rsquo;est m\u00e9tamorphos\u00e9e en un v\u00e9ritable paradis pour les gourmets. Cette transformation culinaire n&rsquo;est pas le fruit du hasard, mais le r\u00e9sultat d&rsquo;une \u00e9volution passionnante qui m\u00e9rite d&rsquo;\u00eatre racont\u00e9e.<\/p>\n<h3 id=\"comment-la-cuisine-savoyarde-a-t-elle-fa-onn-l-identit-culinaire-de-meg-ve-\">Comment la cuisine savoyarde a-t-elle fa\u00e7onn\u00e9 l&rsquo;identit\u00e9 culinaire de Meg\u00e8ve ?<\/h3>\n<p>La cuisine savoyarde, avec ses racines profond\u00e9ment ancr\u00e9es dans les traditions montagnardes, a jou\u00e9 un r\u00f4le crucial dans la formation de l&rsquo;identit\u00e9 culinaire unique de Meg\u00e8ve. Les chefs locaux ont su habilement marier les techniques ancestrales avec une cr\u00e9ativit\u00e9 moderne, donnant naissance \u00e0 des plats qui racontent l&rsquo;histoire de la r\u00e9gion tout en surprenant les palais les plus exigeants.<\/p>\n<p>Prenez par exemple la traditionnelle fondue savoyarde. Les chefs de Meg\u00e8ve l&rsquo;ont r\u00e9invent\u00e9e en incorporant des fromages locaux rares et des herbes de montagne cueillies \u00e0 la main, cr\u00e9ant ainsi une exp\u00e9rience gustative qui va bien au-del\u00e0 du simple plat convivial.<\/p>\n<h3 id=\"quels-ingr-dients-locaux-font-la-renomm-e-de-la-cuisine-de-meg-ve-\">Quels ingr\u00e9dients locaux font la renomm\u00e9e de la cuisine de Meg\u00e8ve ?<\/h3>\n<p>La richesse de la cuisine de Meg\u00e8ve r\u00e9side dans la qualit\u00e9 exceptionnelle de ses produits locaux. Les fromages d&rsquo;alpage, les charcuteries artisanales, les champignons sauvages et les herbes de montagne sont autant de tr\u00e9sors que les chefs s&#8217;emploient \u00e0 sublimer dans leurs cr\u00e9ations.<\/p>\n<p>Le reblochon fermier AOP, par exemple, est devenu l&#8217;embl\u00e8me de la gastronomie locale. Sa texture cr\u00e9meuse et son go\u00fbt subtil en font un ingr\u00e9dient de choix pour de nombreux plats signatures des restaurants \u00e9toil\u00e9s de Meg\u00e8ve.<\/p>\n<p>Saviez-vous que Meg\u00e8ve compte plus de restaurants \u00e9toil\u00e9s par habitant que la plupart des grandes villes fran\u00e7aises ? Avec 3 restaurants \u00e9toil\u00e9s pour une population d&rsquo;environ 3 000 habitants, la densit\u00e9 gastronomique de Meg\u00e8ve est tout simplement exceptionnelle.<\/p>\n<h2 id=\"les-ma-tres-de-la-gastronomie-alpine-meg-ve\">Les ma\u00eetres de la gastronomie alpine \u00e0 Meg\u00e8ve<\/h2>\n<p>Derri\u00e8re chaque plat exceptionnel se cache un chef passionn\u00e9. Meg\u00e8ve a la chance d&rsquo;accueillir certains des plus grands noms de la gastronomie fran\u00e7aise, qui ont contribu\u00e9 \u00e0 fa\u00e7onner la r\u00e9putation culinaire de la station.<\/p>\n<h3 id=\"les-cr-ations-embl-matiques-d-emmanuel-renaut\">Les cr\u00e9ations embl\u00e9matiques d&rsquo;Emmanuel Renaut<\/h3>\n<p>Emmanuel Renaut, chef triplement \u00e9toil\u00e9 du restaurant Flocons de Sel, est l&rsquo;un des piliers de la sc\u00e8ne gastronomique de Meg\u00e8ve. Son approche novatrice de la cuisine alpine a r\u00e9volutionn\u00e9 la fa\u00e7on dont nous percevons les plats traditionnels de montagne.<\/p>\n<p>L&rsquo;un de ses plats signatures, \u00ab\u00a0La truite fario de Savoie, betterave et raifort\u00a0\u00bb, est un v\u00e9ritable hommage aux produits locaux. La truite, p\u00each\u00e9e dans les rivi\u00e8res cristallines de la r\u00e9gion, est sublim\u00e9e par l&rsquo;acidit\u00e9 de la betterave et le piquant du raifort, cr\u00e9ant un \u00e9quilibre parfait entre tradition et modernit\u00e9.<\/p>\n<h3 id=\"l-influence-d-anne-sophie-pic-sur-la-gastronomie-m-gevanne\">L&rsquo;influence d&rsquo;Anne-Sophie Pic sur la gastronomie m\u00e9gevanne<\/h3>\n<p>Anne-Sophie Pic, seule femme chef triplement \u00e9toil\u00e9e en France, a \u00e9galement laiss\u00e9 son empreinte sur la sc\u00e8ne culinaire de Meg\u00e8ve. Son restaurant La Dame de Pic &#8211; Le 1920, situ\u00e9 au Four Seasons Hotel Meg\u00e8ve, propose une cuisine raffin\u00e9e qui marie avec brio les saveurs locales et les techniques de haute gastronomie.<\/p>\n<p>Sa \u00ab\u00a0Berlingot au fromage de ch\u00e8vre frais et consomm\u00e9 de ch\u00e2taigne\u00a0\u00bb est devenu un classique instantan\u00e9, illustrant parfaitement sa capacit\u00e9 \u00e0 r\u00e9inventer les saveurs traditionnelles de la r\u00e9gion avec une touche de sophistication.<\/p>\n<p>\u00ab\u00a0La gastronomie \u00e0 Meg\u00e8ve est une v\u00e9ritable aventure des sens, o\u00f9 tradition et innovation se rencontrent pour cr\u00e9er des exp\u00e9riences culinaires uniques.\u00a0\u00bb &#8211; Emmanuel Renaut<\/p>\n<h2 id=\"plongez-dans-l-exclusivit-des-exp-riences-gastronomiques-priv-es\">Plongez dans l&rsquo;exclusivit\u00e9 des exp\u00e9riences gastronomiques priv\u00e9es<\/h2>\n<p>Au-del\u00e0 des restaurants \u00e9toil\u00e9s, Meg\u00e8ve offre une palette d&rsquo;exp\u00e9riences gastronomiques priv\u00e9es qui promettent des moments inoubliables aux amateurs de bonne ch\u00e8re. Ces prestations sur mesure permettent de vivre la haute gastronomie dans un cadre intime et luxueux.<\/p>\n<h3 id=\"comment-organiser-un-d-ner-priv-dans-un-chalet-de-luxe-\">Comment organiser un d\u00eener priv\u00e9 dans un chalet de luxe ?<\/h3>\n<p>Imaginez-vous d\u00e9guster un repas gastronomique pr\u00e9par\u00e9 par un chef \u00e9toil\u00e9, confortablement install\u00e9 dans le salon de votre chalet de luxe, avec une vue imprenable sur les Alpes enneig\u00e9es. C&rsquo;est pr\u00e9cis\u00e9ment ce type d&rsquo;exp\u00e9rience unique que propose le Chalet Ararat \u00e0 ses h\u00f4tes.<\/p>\n<p>L&rsquo;organisation d&rsquo;un d\u00eener priv\u00e9 commence par une consultation personnalis\u00e9e avec le chef, o\u00f9 vos pr\u00e9f\u00e9rences et restrictions alimentaires sont soigneusement prises en compte. Le jour J, le chef et son \u00e9quipe s&rsquo;installent discr\u00e8tement dans la cuisine de votre chalet pour pr\u00e9parer un festin sur mesure, pendant que vous profitez de votre s\u00e9jour.<\/p>\n<h3 id=\"les-pop-up-gastronomiques-une-tendance-en-vogue-meg-ve\">Les pop-up gastronomiques : une tendance en vogue \u00e0 Meg\u00e8ve<\/h3>\n<p>Les restaurants \u00e9ph\u00e9m\u00e8res, ou pop-up, sont devenus une v\u00e9ritable attraction \u00e0 Meg\u00e8ve. Ces concepts innovants permettent aux chefs de laisser libre cours \u00e0 leur cr\u00e9ativit\u00e9, en proposant des menus uniques dans des lieux insolites.<\/p>\n<p>L&rsquo;un des exemples les plus marquants est \u00ab\u00a0Elles Bistrot\u00a0\u00bb, un pop-up exclusivement f\u00e9minin qui a fait sensation lors de sa r\u00e9sidence \u00e0 Meg\u00e8ve. Ce concept mettait en avant le talent de cheffes renomm\u00e9es, offrant une perspective fra\u00eeche et innovante sur la gastronomie alpine.<\/p>\n<p>Saviez-vous que le concept de pop-up gastronomique a pris son essor \u00e0 Meg\u00e8ve en 2018 ? Depuis, chaque saison voit fleurir de nouveaux concepts \u00e9ph\u00e9m\u00e8res, allant du bistrot alpin revisit\u00e9 aux exp\u00e9riences gastronomiques les plus avant-gardistes.<\/p>\n<h2 id=\"les-temples-de-la-gastronomie-meg-ve\">Les temples de la gastronomie \u00e0 Meg\u00e8ve<\/h2>\n<p>Meg\u00e8ve regorge d&rsquo;\u00e9tablissements gastronomiques de renom, allant des restaurants \u00e9toil\u00e9s aux bars \u00e0 vin raffin\u00e9s. Chacun offre une exp\u00e9rience unique, refl\u00e9tant la richesse et la diversit\u00e9 de la sc\u00e8ne culinaire locale.<\/p>\n<h3 id=\"l-exp-rience-flocons-de-sel-un-voyage-gustatif-toil-\">L&rsquo;exp\u00e9rience Flocons de Sel : un voyage gustatif \u00e9toil\u00e9<\/h3>\n<p>Flocons de Sel, le restaurant triplement \u00e9toil\u00e9 d&rsquo;Emmanuel Renaut, est sans conteste le joyau de la couronne gastronomique de Meg\u00e8ve. Situ\u00e9 \u00e0 1900 m\u00e8tres d&rsquo;altitude, il offre une vue spectaculaire sur les montagnes environnantes, cr\u00e9ant un cadre idyllique pour une exp\u00e9rience culinaire inoubliable.<\/p>\n<p>Le menu d\u00e9gustation de Flocons de Sel est une v\u00e9ritable ode \u00e0 la nature alpine. Chaque plat raconte une histoire, mettant en valeur les produits locaux avec une cr\u00e9ativit\u00e9 et une technique irr\u00e9prochables. Des herbes sauvages cueillies le matin m\u00eame aux poissons des lacs de montagne, chaque ingr\u00e9dient est choisi avec soin pour cr\u00e9er des associations de saveurs surprenantes et d\u00e9licieuses.<\/p>\n<h3 id=\"les-meilleurs-bars-vin-et-caf-s-gourmands-de-meg-ve\">Les meilleurs bars \u00e0 vin et caf\u00e9s gourmands de Meg\u00e8ve<\/h3>\n<p>Pour ceux qui recherchent une exp\u00e9rience gastronomique plus d\u00e9contract\u00e9e, Meg\u00e8ve offre une s\u00e9lection impressionnante de bars \u00e0 vin et de caf\u00e9s gourmands. Ces \u00e9tablissements permettent de d\u00e9couvrir les saveurs locales dans une ambiance chaleureuse et conviviale.<\/p>\n<p>Le \u00ab\u00a0Wine Bar Le M de Meg\u00e8ve\u00a0\u00bb est un incontournable pour les amateurs de vins. Avec sa cave impressionnante comptant plus de 1200 r\u00e9f\u00e9rences, dont de nombreux crus locaux, c&rsquo;est l&rsquo;endroit id\u00e9al pour une d\u00e9gustation accompagn\u00e9e de planches de charcuterie et de fromages savoyards.<\/p>\n<p>Pour une pause gourmande, le \u00ab\u00a0Caf\u00e9 2 la Poste\u00a0\u00bb offre une s\u00e9lection de p\u00e2tisseries artisanales et de chocolats chauds r\u00e9confortants, parfaits apr\u00e8s une journ\u00e9e sur les pistes.<\/p>\n<h2 id=\"les-rendez-vous-gourmands-qui-rythment-l-ann-e-meg-ve\">Les rendez-vous gourmands qui rythment l&rsquo;ann\u00e9e \u00e0 Meg\u00e8ve<\/h2>\n<p>La gastronomie \u00e0 Meg\u00e8ve ne se limite pas aux restaurants. Tout au long de l&rsquo;ann\u00e9e, la station vibre au rythme d&rsquo;\u00e9v\u00e9nements culinaires qui c\u00e9l\u00e8brent le savoir-faire local et attirent des chefs et des gourmets du monde entier.<\/p>\n<h3 id=\"toquicimes-le-festival-qui-fait-vibrer-les-papilles\">Toquicimes : le festival qui fait vibrer les papilles<\/h3>\n<p>Toquicimes est devenu en quelques ann\u00e9es le rendez-vous incontournable des amateurs de gastronomie alpine. Ce festival, qui se tient chaque automne, rassemble des chefs \u00e9toil\u00e9s, des producteurs locaux et des passionn\u00e9s de cuisine pour quatre jours de c\u00e9l\u00e9bration culinaire.<\/p>\n<p>Au programme : des d\u00e9monstrations culinaires, des ateliers de d\u00e9gustation, des concours de cuisine et des d\u00eeners gastronomiques. L&rsquo;\u00e9dition 2024 de Toquicimes promet d&rsquo;\u00eatre particuli\u00e8rement spectaculaire, avec la participation annonc\u00e9e de plus de 20 chefs \u00e9toil\u00e9s venus de toute l&rsquo;Europe.<\/p>\n<h3 id=\"les-ateliers-culinaires-mettez-la-main-la-p-te\">Les ateliers culinaires : mettez la main \u00e0 la p\u00e2te<\/h3>\n<p>Pour ceux qui souhaitent aller au-del\u00e0 de la simple d\u00e9gustation, Meg\u00e8ve propose une vari\u00e9t\u00e9 d&rsquo;ateliers culinaires permettant d&rsquo;apprendre aupr\u00e8s des meilleurs chefs de la r\u00e9gion. Ces exp\u00e9riences hands-on sont l&rsquo;occasion parfaite de d\u00e9couvrir les secrets de la cuisine alpine et de ramener un peu de Meg\u00e8ve dans votre cuisine.<\/p>\n<ul>\n<li>Ateliers de p\u00e2tisserie alpine : Apprenez \u00e0 r\u00e9aliser des desserts traditionnels comme le g\u00e2teau de Savoie ou les bugnes.<\/li>\n<li>Cours de cuisine savoyarde : Ma\u00eetrisez l&rsquo;art de la tartiflette ou du gratin dauphinois.<\/li>\n<li>Masterclasses avec des chefs \u00e9toil\u00e9s : Une occasion unique d&rsquo;apprendre les techniques de haute gastronomie aupr\u00e8s des meilleurs.<\/li>\n<\/ul>\n<h2 id=\"le-chalet-ararat-votre-passeport-pour-l-excellence-gastronomique\">Le Chalet Ararat : votre passeport pour l&rsquo;excellence gastronomique<\/h2>\n<p>Au c\u0153ur de cette effervescence culinaire, le Chalet Ararat se positionne comme un v\u00e9ritable havre pour les \u00e9picuriens. Alliant le confort luxueux d&rsquo;un chalet haut de gamme \u00e0 des services gastronomiques d&rsquo;exception, il offre une exp\u00e9rience culinaire incomparable.<\/p>\n<h3 id=\"les-services-de-chef-priv-au-chalet-ararat\">Les services de chef priv\u00e9 au Chalet Ararat<\/h3>\n<p>Le Chalet Ararat propose \u00e0 ses h\u00f4tes les services de chefs priv\u00e9s de renom, capables de cr\u00e9er des menus sur mesure adapt\u00e9s \u00e0 tous les go\u00fbts et r\u00e9gimes alimentaires. Que vous souhaitiez un d\u00eener gastronomique \u00e9labor\u00e9 ou un simple repas familial avec des produits locaux, tout est possible.<\/p>\n<p>Les chefs du Chalet Ararat travaillent en \u00e9troite collaboration avec les producteurs locaux pour garantir la fra\u00eecheur et la qualit\u00e9 des ingr\u00e9dients. Ils peuvent m\u00eame vous accompagner au march\u00e9 de Meg\u00e8ve pour choisir ensemble les produits qui composeront votre repas.<\/p>\n<h3 id=\"personnalisation-des-exp-riences-culinaires-au-chalet-ararat\">Personnalisation des exp\u00e9riences culinaires au Chalet Ararat<\/h3>\n<p>Au Chalet Ararat, chaque exp\u00e9rience culinaire est unique et personnalis\u00e9e. L&rsquo;\u00e9quipe de conciergerie est \u00e0 votre disposition pour organiser des \u00e9v\u00e9nements gastronomiques sur mesure, que ce soit un d\u00eener romantique aux chandelles ou un brunch festif entre amis.<\/p>\n<ul>\n<li>D\u00eeners priv\u00e9s sur mesure : Profitez d&rsquo;un menu gastronomique \u00e9labor\u00e9 sp\u00e9cialement pour vous, servi dans le confort de votre chalet.<\/li>\n<li>D\u00e9gustations de vins personnalis\u00e9es : D\u00e9couvrez les meilleurs crus de la r\u00e9gion avec un sommelier expert.<\/li>\n<li>Cours de cuisine exclusifs : Apprenez les secrets de la cuisine alpine aux c\u00f4t\u00e9s d&rsquo;un chef renomm\u00e9, dans la cuisine enti\u00e8rement \u00e9quip\u00e9e de votre chalet.<\/li>\n<\/ul>\n<p>Que vous soyez un gourmet averti ou simplement curieux de d\u00e9couvrir les saveurs locales, le Chalet Ararat vous offre une porte d&rsquo;entr\u00e9e privil\u00e9gi\u00e9e dans l&rsquo;univers gastronomique de Meg\u00e8ve. Chaque repas devient une exp\u00e9rience m\u00e9morable, alliant le luxe du cadre \u00e0 l&rsquo;excellence culinaire.<\/p>\n<p>\u00ab\u00a0Au Chalet Ararat, nous transformons chaque repas en une exp\u00e9rience gastronomique inoubliable, alliant le savoir-faire des chefs locaux au confort luxueux de notre \u00e9tablissement.\u00a0\u00bb &#8211; Un repr\u00e9sentant du Chalet Ararat<\/p>\n<p>En conclusion, les exp\u00e9riences gastronomiques priv\u00e9es \u00e0 Meg\u00e8ve offrent bien plus qu&rsquo;un simple repas. Elles sont une invitation \u00e0 un voyage culinaire au c\u0153ur des Alpes, o\u00f9 chaque bouch\u00e9e raconte l&rsquo;histoire d&rsquo;un terroir riche et la passion de ceux qui le subliment. Que vous choisissiez de d\u00eener dans un restaurant \u00e9toil\u00e9, de participer \u00e0 un atelier culinaire ou de profiter des services d&rsquo;un chef priv\u00e9 au Chalet Ararat, vous \u00eates assur\u00e9 de vivre des moments gourmands inoubliables. Meg\u00e8ve n&rsquo;est pas seulement une destination de ski de premier plan, c&rsquo;est aussi un v\u00e9ritable paradis pour les amateurs de gastronomie<\/p>\n<\/div>\n","protected":false},"excerpt":{"rendered":"<p>D\u00e9couvrez les exp\u00e9riences gastronomiques priv\u00e9es \u00e0 Meg\u00e8ve, entre chefs \u00e9toil\u00e9s et saveurs alpines. Plongez dans l&rsquo;univers culinaire raffin\u00e9 de cette station de ski embl\u00e9matique.<\/p>\n","protected":false},"author":6,"featured_media":2123,"comment_status":"closed","ping_status":"open","sticky":false,"template":"","format":"standard","meta":{"footnotes":""},"categories":[37,40],"tags":[],"class_list":["post-2122","post","type-post","status-publish","format-standard","has-post-thumbnail","hentry","category-gastronomie","category-luxe"],"yoast_head":"<!-- This site is optimized with the Yoast SEO plugin v27.3 - https:\/\/yoast.com\/product\/yoast-seo-wordpress\/ -->\n<title>Exp\u00e9riences Gastronomiques Priv\u00e9es \u00e0 Meg\u00e8ve : Un Voyage Culinaire Alpin - Chalet Ararat<\/title>\n<meta name=\"description\" content=\"[Collection]\" \/>\n<meta name=\"robots\" content=\"index, follow, max-snippet:-1, max-image-preview:large, max-video-preview:-1\" \/>\n<link rel=\"canonical\" href=\"https:\/\/chaletararatmegeve.com\/fr\/experiences-gastronomiques-privees-a-megeve-un-voyage-culinaire-alpin\/\" \/>\n<meta property=\"og:locale\" content=\"fr_FR\" \/>\n<meta property=\"og:type\" content=\"article\" \/>\n<meta property=\"og:title\" content=\"Exp\u00e9riences Gastronomiques Priv\u00e9es \u00e0 Meg\u00e8ve : Un Voyage Culinaire Alpin - Chalet Ararat\" \/>\n<meta property=\"og:description\" content=\"[Collection]\" \/>\n<meta property=\"og:url\" content=\"https:\/\/chaletararatmegeve.com\/fr\/experiences-gastronomiques-privees-a-megeve-un-voyage-culinaire-alpin\/\" \/>\n<meta property=\"og:site_name\" content=\"Chalet Ararat\" \/>\n<meta property=\"article:published_time\" content=\"2025-04-07T07:44:22+00:00\" \/>\n<meta property=\"article:modified_time\" content=\"2025-08-26T13:43:49+00:00\" \/>\n<meta property=\"og:image\" content=\"https:\/\/chaletararatmegeve.com\/wp-content\/uploads\/2025\/04\/chalet-ararat-site-web-actualites-blog-Experiences-Gastronomiques-Privees-Megeve-Un-Voyage-Culinaire-Alpin.webp\" \/>\n\t<meta property=\"og:image:width\" content=\"1920\" \/>\n\t<meta property=\"og:image:height\" content=\"1080\" \/>\n\t<meta property=\"og:image:type\" content=\"image\/webp\" \/>\n<meta name=\"author\" content=\"Alexandre\" \/>\n<meta name=\"twitter:card\" content=\"summary_large_image\" \/>\n<meta name=\"twitter:label1\" content=\"\u00c9crit par\" \/>\n\t<meta name=\"twitter:data1\" content=\"Alexandre\" \/>\n\t<meta name=\"twitter:label2\" content=\"Dur\u00e9e de lecture estim\u00e9e\" \/>\n\t<meta name=\"twitter:data2\" content=\"10 minutes\" \/>\n<script type=\"application\/ld+json\" class=\"yoast-schema-graph\">{\"@context\":\"https:\\\/\\\/schema.org\",\"@graph\":[{\"@type\":\"Article\",\"@id\":\"https:\\\/\\\/chaletararatmegeve.com\\\/experiences-gastronomiques-privees-a-megeve-un-voyage-culinaire-alpin\\\/#article\",\"isPartOf\":{\"@id\":\"https:\\\/\\\/chaletararatmegeve.com\\\/experiences-gastronomiques-privees-a-megeve-un-voyage-culinaire-alpin\\\/\"},\"author\":{\"name\":\"Alexandre\",\"@id\":\"https:\\\/\\\/chaletararatmegeve.com\\\/fr\\\/#\\\/schema\\\/person\\\/552ec7b445baf03ed62e6c37e77e2a98\"},\"headline\":\"Exp\u00e9riences Gastronomiques Priv\u00e9es \u00e0 Meg\u00e8ve : Un Voyage Culinaire Alpin\",\"datePublished\":\"2025-04-07T07:44:22+00:00\",\"dateModified\":\"2025-08-26T13:43:49+00:00\",\"mainEntityOfPage\":{\"@id\":\"https:\\\/\\\/chaletararatmegeve.com\\\/experiences-gastronomiques-privees-a-megeve-un-voyage-culinaire-alpin\\\/\"},\"wordCount\":2047,\"publisher\":{\"@id\":\"https:\\\/\\\/chaletararatmegeve.com\\\/fr\\\/#organization\"},\"image\":{\"@id\":\"https:\\\/\\\/chaletararatmegeve.com\\\/experiences-gastronomiques-privees-a-megeve-un-voyage-culinaire-alpin\\\/#primaryimage\"},\"thumbnailUrl\":\"https:\\\/\\\/chaletararatmegeve.com\\\/wp-content\\\/uploads\\\/2025\\\/04\\\/chalet-ararat-site-web-actualites-blog-Experiences-Gastronomiques-Privees-Megeve-Un-Voyage-Culinaire-Alpin.webp\",\"articleSection\":[\"Gastronomie\",\"Luxe\"],\"inLanguage\":\"fr-FR\"},{\"@type\":\"WebPage\",\"@id\":\"https:\\\/\\\/chaletararatmegeve.com\\\/experiences-gastronomiques-privees-a-megeve-un-voyage-culinaire-alpin\\\/\",\"url\":\"https:\\\/\\\/chaletararatmegeve.com\\\/experiences-gastronomiques-privees-a-megeve-un-voyage-culinaire-alpin\\\/\",\"name\":\"Exp\u00e9riences Gastronomiques Priv\u00e9es \u00e0 Meg\u00e8ve : Un Voyage Culinaire Alpin - Chalet Ararat\",\"isPartOf\":{\"@id\":\"https:\\\/\\\/chaletararatmegeve.com\\\/fr\\\/#website\"},\"primaryImageOfPage\":{\"@id\":\"https:\\\/\\\/chaletararatmegeve.com\\\/experiences-gastronomiques-privees-a-megeve-un-voyage-culinaire-alpin\\\/#primaryimage\"},\"image\":{\"@id\":\"https:\\\/\\\/chaletararatmegeve.com\\\/experiences-gastronomiques-privees-a-megeve-un-voyage-culinaire-alpin\\\/#primaryimage\"},\"thumbnailUrl\":\"https:\\\/\\\/chaletararatmegeve.com\\\/wp-content\\\/uploads\\\/2025\\\/04\\\/chalet-ararat-site-web-actualites-blog-Experiences-Gastronomiques-Privees-Megeve-Un-Voyage-Culinaire-Alpin.webp\",\"datePublished\":\"2025-04-07T07:44:22+00:00\",\"dateModified\":\"2025-08-26T13:43:49+00:00\",\"description\":\"[Collection]\",\"breadcrumb\":{\"@id\":\"https:\\\/\\\/chaletararatmegeve.com\\\/experiences-gastronomiques-privees-a-megeve-un-voyage-culinaire-alpin\\\/#breadcrumb\"},\"inLanguage\":\"fr-FR\",\"potentialAction\":[{\"@type\":\"ReadAction\",\"target\":[\"https:\\\/\\\/chaletararatmegeve.com\\\/experiences-gastronomiques-privees-a-megeve-un-voyage-culinaire-alpin\\\/\"]}]},{\"@type\":\"ImageObject\",\"inLanguage\":\"fr-FR\",\"@id\":\"https:\\\/\\\/chaletararatmegeve.com\\\/experiences-gastronomiques-privees-a-megeve-un-voyage-culinaire-alpin\\\/#primaryimage\",\"url\":\"https:\\\/\\\/chaletararatmegeve.com\\\/wp-content\\\/uploads\\\/2025\\\/04\\\/chalet-ararat-site-web-actualites-blog-Experiences-Gastronomiques-Privees-Megeve-Un-Voyage-Culinaire-Alpin.webp\",\"contentUrl\":\"https:\\\/\\\/chaletararatmegeve.com\\\/wp-content\\\/uploads\\\/2025\\\/04\\\/chalet-ararat-site-web-actualites-blog-Experiences-Gastronomiques-Privees-Megeve-Un-Voyage-Culinaire-Alpin.webp\",\"width\":1920,\"height\":1080},{\"@type\":\"BreadcrumbList\",\"@id\":\"https:\\\/\\\/chaletararatmegeve.com\\\/experiences-gastronomiques-privees-a-megeve-un-voyage-culinaire-alpin\\\/#breadcrumb\",\"itemListElement\":[{\"@type\":\"ListItem\",\"position\":1,\"name\":\"Accueil\",\"item\":\"https:\\\/\\\/chaletararatmegeve.com\\\/\"},{\"@type\":\"ListItem\",\"position\":2,\"name\":\"Exp\u00e9riences Gastronomiques Priv\u00e9es \u00e0 Meg\u00e8ve : Un Voyage Culinaire Alpin\"}]},{\"@type\":\"WebSite\",\"@id\":\"https:\\\/\\\/chaletararatmegeve.com\\\/fr\\\/#website\",\"url\":\"https:\\\/\\\/chaletararatmegeve.com\\\/fr\\\/\",\"name\":\"Chalet Ararat\",\"description\":\"Luxury Chalet in Meg\u00e8ve\",\"publisher\":{\"@id\":\"https:\\\/\\\/chaletararatmegeve.com\\\/fr\\\/#organization\"},\"potentialAction\":[{\"@type\":\"SearchAction\",\"target\":{\"@type\":\"EntryPoint\",\"urlTemplate\":\"https:\\\/\\\/chaletararatmegeve.com\\\/fr\\\/?s={search_term_string}\"},\"query-input\":{\"@type\":\"PropertyValueSpecification\",\"valueRequired\":true,\"valueName\":\"search_term_string\"}}],\"inLanguage\":\"fr-FR\"},{\"@type\":\"Organization\",\"@id\":\"https:\\\/\\\/chaletararatmegeve.com\\\/fr\\\/#organization\",\"name\":\"Chalet Ararat\",\"url\":\"https:\\\/\\\/chaletararatmegeve.com\\\/fr\\\/\",\"logo\":{\"@type\":\"ImageObject\",\"inLanguage\":\"fr-FR\",\"@id\":\"https:\\\/\\\/chaletararatmegeve.com\\\/fr\\\/#\\\/schema\\\/logo\\\/image\\\/\",\"url\":\"https:\\\/\\\/chaletararatmegeve.com\\\/wp-content\\\/uploads\\\/2024\\\/05\\\/chalet-ararat-logotype-or.svg\",\"contentUrl\":\"https:\\\/\\\/chaletararatmegeve.com\\\/wp-content\\\/uploads\\\/2024\\\/05\\\/chalet-ararat-logotype-or.svg\",\"width\":147,\"height\":47,\"caption\":\"Chalet Ararat\"},\"image\":{\"@id\":\"https:\\\/\\\/chaletararatmegeve.com\\\/fr\\\/#\\\/schema\\\/logo\\\/image\\\/\"}},{\"@type\":\"Person\",\"@id\":\"https:\\\/\\\/chaletararatmegeve.com\\\/fr\\\/#\\\/schema\\\/person\\\/552ec7b445baf03ed62e6c37e77e2a98\",\"name\":\"Alexandre\",\"image\":{\"@type\":\"ImageObject\",\"inLanguage\":\"fr-FR\",\"@id\":\"https:\\\/\\\/secure.gravatar.com\\\/avatar\\\/55244ddfeff4d10a2b06e42cb797fe918a336105b82b6f5201a3a07b1e4df8f9?s=96&d=mm&r=g\",\"url\":\"https:\\\/\\\/secure.gravatar.com\\\/avatar\\\/55244ddfeff4d10a2b06e42cb797fe918a336105b82b6f5201a3a07b1e4df8f9?s=96&d=mm&r=g\",\"contentUrl\":\"https:\\\/\\\/secure.gravatar.com\\\/avatar\\\/55244ddfeff4d10a2b06e42cb797fe918a336105b82b6f5201a3a07b1e4df8f9?s=96&d=mm&r=g\",\"caption\":\"Alexandre\"},\"url\":\"https:\\\/\\\/chaletararatmegeve.com\\\/fr\"}]}<\/script>\n<!-- \/ Yoast SEO plugin. -->","yoast_head_json":{"title":"Exp\u00e9riences Gastronomiques Priv\u00e9es \u00e0 Meg\u00e8ve : Un Voyage Culinaire Alpin - Chalet Ararat","description":"[Collection]","robots":{"index":"index","follow":"follow","max-snippet":"max-snippet:-1","max-image-preview":"max-image-preview:large","max-video-preview":"max-video-preview:-1"},"canonical":"https:\/\/chaletararatmegeve.com\/fr\/experiences-gastronomiques-privees-a-megeve-un-voyage-culinaire-alpin\/","og_locale":"fr_FR","og_type":"article","og_title":"Exp\u00e9riences Gastronomiques Priv\u00e9es \u00e0 Meg\u00e8ve : Un Voyage Culinaire Alpin - Chalet Ararat","og_description":"[Collection]","og_url":"https:\/\/chaletararatmegeve.com\/fr\/experiences-gastronomiques-privees-a-megeve-un-voyage-culinaire-alpin\/","og_site_name":"Chalet Ararat","article_published_time":"2025-04-07T07:44:22+00:00","article_modified_time":"2025-08-26T13:43:49+00:00","og_image":[{"width":1920,"height":1080,"url":"https:\/\/chaletararatmegeve.com\/wp-content\/uploads\/2025\/04\/chalet-ararat-site-web-actualites-blog-Experiences-Gastronomiques-Privees-Megeve-Un-Voyage-Culinaire-Alpin.webp","type":"image\/webp"}],"author":"Alexandre","twitter_card":"summary_large_image","twitter_misc":{"\u00c9crit par":"Alexandre","Dur\u00e9e de lecture estim\u00e9e":"10 minutes"},"schema":{"@context":"https:\/\/schema.org","@graph":[{"@type":"Article","@id":"https:\/\/chaletararatmegeve.com\/experiences-gastronomiques-privees-a-megeve-un-voyage-culinaire-alpin\/#article","isPartOf":{"@id":"https:\/\/chaletararatmegeve.com\/experiences-gastronomiques-privees-a-megeve-un-voyage-culinaire-alpin\/"},"author":{"name":"Alexandre","@id":"https:\/\/chaletararatmegeve.com\/fr\/#\/schema\/person\/552ec7b445baf03ed62e6c37e77e2a98"},"headline":"Exp\u00e9riences Gastronomiques Priv\u00e9es \u00e0 Meg\u00e8ve : Un Voyage Culinaire Alpin","datePublished":"2025-04-07T07:44:22+00:00","dateModified":"2025-08-26T13:43:49+00:00","mainEntityOfPage":{"@id":"https:\/\/chaletararatmegeve.com\/experiences-gastronomiques-privees-a-megeve-un-voyage-culinaire-alpin\/"},"wordCount":2047,"publisher":{"@id":"https:\/\/chaletararatmegeve.com\/fr\/#organization"},"image":{"@id":"https:\/\/chaletararatmegeve.com\/experiences-gastronomiques-privees-a-megeve-un-voyage-culinaire-alpin\/#primaryimage"},"thumbnailUrl":"https:\/\/chaletararatmegeve.com\/wp-content\/uploads\/2025\/04\/chalet-ararat-site-web-actualites-blog-Experiences-Gastronomiques-Privees-Megeve-Un-Voyage-Culinaire-Alpin.webp","articleSection":["Gastronomie","Luxe"],"inLanguage":"fr-FR"},{"@type":"WebPage","@id":"https:\/\/chaletararatmegeve.com\/experiences-gastronomiques-privees-a-megeve-un-voyage-culinaire-alpin\/","url":"https:\/\/chaletararatmegeve.com\/experiences-gastronomiques-privees-a-megeve-un-voyage-culinaire-alpin\/","name":"Exp\u00e9riences Gastronomiques Priv\u00e9es \u00e0 Meg\u00e8ve : Un Voyage Culinaire Alpin - Chalet Ararat","isPartOf":{"@id":"https:\/\/chaletararatmegeve.com\/fr\/#website"},"primaryImageOfPage":{"@id":"https:\/\/chaletararatmegeve.com\/experiences-gastronomiques-privees-a-megeve-un-voyage-culinaire-alpin\/#primaryimage"},"image":{"@id":"https:\/\/chaletararatmegeve.com\/experiences-gastronomiques-privees-a-megeve-un-voyage-culinaire-alpin\/#primaryimage"},"thumbnailUrl":"https:\/\/chaletararatmegeve.com\/wp-content\/uploads\/2025\/04\/chalet-ararat-site-web-actualites-blog-Experiences-Gastronomiques-Privees-Megeve-Un-Voyage-Culinaire-Alpin.webp","datePublished":"2025-04-07T07:44:22+00:00","dateModified":"2025-08-26T13:43:49+00:00","description":"[Collection]","breadcrumb":{"@id":"https:\/\/chaletararatmegeve.com\/experiences-gastronomiques-privees-a-megeve-un-voyage-culinaire-alpin\/#breadcrumb"},"inLanguage":"fr-FR","potentialAction":[{"@type":"ReadAction","target":["https:\/\/chaletararatmegeve.com\/experiences-gastronomiques-privees-a-megeve-un-voyage-culinaire-alpin\/"]}]},{"@type":"ImageObject","inLanguage":"fr-FR","@id":"https:\/\/chaletararatmegeve.com\/experiences-gastronomiques-privees-a-megeve-un-voyage-culinaire-alpin\/#primaryimage","url":"https:\/\/chaletararatmegeve.com\/wp-content\/uploads\/2025\/04\/chalet-ararat-site-web-actualites-blog-Experiences-Gastronomiques-Privees-Megeve-Un-Voyage-Culinaire-Alpin.webp","contentUrl":"https:\/\/chaletararatmegeve.com\/wp-content\/uploads\/2025\/04\/chalet-ararat-site-web-actualites-blog-Experiences-Gastronomiques-Privees-Megeve-Un-Voyage-Culinaire-Alpin.webp","width":1920,"height":1080},{"@type":"BreadcrumbList","@id":"https:\/\/chaletararatmegeve.com\/experiences-gastronomiques-privees-a-megeve-un-voyage-culinaire-alpin\/#breadcrumb","itemListElement":[{"@type":"ListItem","position":1,"name":"Accueil","item":"https:\/\/chaletararatmegeve.com\/"},{"@type":"ListItem","position":2,"name":"Exp\u00e9riences Gastronomiques Priv\u00e9es \u00e0 Meg\u00e8ve : Un Voyage Culinaire Alpin"}]},{"@type":"WebSite","@id":"https:\/\/chaletararatmegeve.com\/fr\/#website","url":"https:\/\/chaletararatmegeve.com\/fr\/","name":"Chalet Ararat","description":"Luxury Chalet in Meg\u00e8ve","publisher":{"@id":"https:\/\/chaletararatmegeve.com\/fr\/#organization"},"potentialAction":[{"@type":"SearchAction","target":{"@type":"EntryPoint","urlTemplate":"https:\/\/chaletararatmegeve.com\/fr\/?s={search_term_string}"},"query-input":{"@type":"PropertyValueSpecification","valueRequired":true,"valueName":"search_term_string"}}],"inLanguage":"fr-FR"},{"@type":"Organization","@id":"https:\/\/chaletararatmegeve.com\/fr\/#organization","name":"Chalet Ararat","url":"https:\/\/chaletararatmegeve.com\/fr\/","logo":{"@type":"ImageObject","inLanguage":"fr-FR","@id":"https:\/\/chaletararatmegeve.com\/fr\/#\/schema\/logo\/image\/","url":"https:\/\/chaletararatmegeve.com\/wp-content\/uploads\/2024\/05\/chalet-ararat-logotype-or.svg","contentUrl":"https:\/\/chaletararatmegeve.com\/wp-content\/uploads\/2024\/05\/chalet-ararat-logotype-or.svg","width":147,"height":47,"caption":"Chalet Ararat"},"image":{"@id":"https:\/\/chaletararatmegeve.com\/fr\/#\/schema\/logo\/image\/"}},{"@type":"Person","@id":"https:\/\/chaletararatmegeve.com\/fr\/#\/schema\/person\/552ec7b445baf03ed62e6c37e77e2a98","name":"Alexandre","image":{"@type":"ImageObject","inLanguage":"fr-FR","@id":"https:\/\/secure.gravatar.com\/avatar\/55244ddfeff4d10a2b06e42cb797fe918a336105b82b6f5201a3a07b1e4df8f9?s=96&d=mm&r=g","url":"https:\/\/secure.gravatar.com\/avatar\/55244ddfeff4d10a2b06e42cb797fe918a336105b82b6f5201a3a07b1e4df8f9?s=96&d=mm&r=g","contentUrl":"https:\/\/secure.gravatar.com\/avatar\/55244ddfeff4d10a2b06e42cb797fe918a336105b82b6f5201a3a07b1e4df8f9?s=96&d=mm&r=g","caption":"Alexandre"},"url":"https:\/\/chaletararatmegeve.com\/fr"}]}},"_links":{"self":[{"href":"https:\/\/chaletararatmegeve.com\/fr\/wp-json\/wp\/v2\/posts\/2122","targetHints":{"allow":["GET"]}}],"collection":[{"href":"https:\/\/chaletararatmegeve.com\/fr\/wp-json\/wp\/v2\/posts"}],"about":[{"href":"https:\/\/chaletararatmegeve.com\/fr\/wp-json\/wp\/v2\/types\/post"}],"author":[{"embeddable":true,"href":"https:\/\/chaletararatmegeve.com\/fr\/wp-json\/wp\/v2\/users\/6"}],"replies":[{"embeddable":true,"href":"https:\/\/chaletararatmegeve.com\/fr\/wp-json\/wp\/v2\/comments?post=2122"}],"version-history":[{"count":3,"href":"https:\/\/chaletararatmegeve.com\/fr\/wp-json\/wp\/v2\/posts\/2122\/revisions"}],"predecessor-version":[{"id":2126,"href":"https:\/\/chaletararatmegeve.com\/fr\/wp-json\/wp\/v2\/posts\/2122\/revisions\/2126"}],"wp:featuredmedia":[{"embeddable":true,"href":"https:\/\/chaletararatmegeve.com\/fr\/wp-json\/wp\/v2\/media\/2123"}],"wp:attachment":[{"href":"https:\/\/chaletararatmegeve.com\/fr\/wp-json\/wp\/v2\/media?parent=2122"}],"wp:term":[{"taxonomy":"category","embeddable":true,"href":"https:\/\/chaletararatmegeve.com\/fr\/wp-json\/wp\/v2\/categories?post=2122"},{"taxonomy":"post_tag","embeddable":true,"href":"https:\/\/chaletararatmegeve.com\/fr\/wp-json\/wp\/v2\/tags?post=2122"}],"curies":[{"name":"wp","href":"https:\/\/api.w.org\/{rel}","templated":true}]}}