{"id":2221,"date":"2025-07-09T12:21:51","date_gmt":"2025-07-09T10:21:51","guid":{"rendered":"https:\/\/chaletararatmegeve.com\/fr\/?p=2221"},"modified":"2025-08-26T15:43:42","modified_gmt":"2025-08-26T13:43:42","slug":"une-echappee-au-mont-thabor-depuis-megeve","status":"publish","type":"post","link":"https:\/\/chaletararatmegeve.com\/fr\/une-echappee-au-mont-thabor-depuis-megeve\/","title":{"rendered":"Une \u00e9chapp\u00e9e au Mont Thabor depuis Meg\u00e8ve"},"content":{"rendered":"\t\t<div data-elementor-type=\"wp-post\" data-elementor-id=\"2221\" class=\"elementor elementor-2221\" data-elementor-post-type=\"post\">\n\t\t\t\t<div class=\"elementor-element elementor-element-7f8586a5 e-flex e-con-boxed e-con e-parent\" data-id=\"7f8586a5\" data-element_type=\"container\" data-e-type=\"container\" data-settings=\"{&quot;jet_parallax_layout_list&quot;:[]}\">\n\t\t\t\t\t<div class=\"e-con-inner\">\n\t\t\t\t<div class=\"elementor-element elementor-element-5645e668 elementor-widget elementor-widget-text-editor\" data-id=\"5645e668\" data-element_type=\"widget\" data-e-type=\"widget\" data-widget_type=\"text-editor.default\">\n\t\t\t\t<div class=\"elementor-widget-container\">\n\t\t\t\t\t\t\t\t\t<div class=\"automation-post\"><h1 id=\"une-chapp-e-au-mont-thabor-depuis-meg-ve\">Une \u00e9chapp\u00e9e au Mont Thabor depuis Meg\u00e8ve<\/h1><p>Depuis votre s\u00e9jour au Chalet Ararat \u00e0 Meg\u00e8ve, le Mont Thabor, culminant \u00e0 3 178 m\u00e8tres d&rsquo;altitude, repr\u00e9sente l&rsquo;une des destinations alpines les plus accessibles pour une premi\u00e8re exp\u00e9rience de haute montagne.<\/p><p>Cette ascension exceptionnelle vous permettra de d\u00e9couvrir un patrimoine s\u00e9culaire unique, nich\u00e9 au c\u0153ur des Alpes franco-italiennes.<\/p><h2 id=\"un-sommet-charg-d-histoire-et-de-spiritualit-\">Un sommet charg\u00e9 d&rsquo;histoire et de spiritualit\u00e9<\/h2><p>Perch\u00e9e \u00e0 <strong>3 171 m\u00e8tres d&rsquo;altitude<\/strong>, la chapelle Notre-Dame-des-Sept-Douleurs du Mont Thabor d\u00e9tient le prestigieux titre de chapelle la plus haute de France. Construite au XVe si\u00e8cle, cette chapelle appartenait au territoire des Escartons qui a perdur\u00e9 jusqu&rsquo;au Trait\u00e9 d&rsquo;Utrecht en 1713.<\/p><p>L&rsquo;origine du nom \u00ab\u00a0Thabor\u00a0\u00bb demeure myst\u00e9rieuse et fait l&rsquo;objet de deux hypoth\u00e8ses :<\/p><ul><li>l&rsquo;une biblique, rapport\u00e9e au Mont Thabor en Isra\u00ebl par des p\u00e8lerins de retour des croisades,<\/li><li>l&rsquo;autre \u00e9tymologique, li\u00e9e \u00e0 un nom de famille local \u00ab\u00a0Tabord\u00a0\u00bb originaire de Modane.<\/li><\/ul><p>Cette question rest\u00e9e sans r\u00e9ponse, renforce le caract\u00e8re mystique de ce sommet qui attire depuis des si\u00e8cles p\u00e8lerins et randonneurs.<\/p><h2 id=\"une-ascension-accessible-depuis-meg-ve\">Une ascension accessible depuis Meg\u00e8ve<\/h2><p>Depuis votre base au Chalet Ararat, le Mont Thabor est particuli\u00e8rement accessible malgr\u00e9 ses 3 178 m\u00e8tres d&rsquo;altitude. L&rsquo;itin\u00e9raire classique depuis la vall\u00e9e de la Clar\u00e9e ou la Vall\u00e9e \u00c9troite offre une <strong>ascension exigeante de 5 \u00e0 7 heures aller-retour<\/strong> selon le point de d\u00e9part, accessible aux randonneurs exp\u00e9riment\u00e9s.<\/p><p>Cette randonn\u00e9e vous fera passer par des lacs alpins, des cimes min\u00e9rales et de nombreux refuges pour une immersion totale en montagne. Le sentier serpente dans l&rsquo;alpage, de chalet en chalet, au milieu des Tarines qui m\u00e2chonnent herbe tendre et fleurs sauvages, avant de prendre une ambiance plus lunaire vers le sommet.<\/p><h2 id=\"un-panorama-exceptionnel-sur-les-alpes\">Un panorama exceptionnel sur les Alpes<\/h2><p>Au sommet, vous d\u00e9couvrirez <strong>des vues imprenables sur les massifs environnants, notamment les \u00c9crins et le Mont Blanc, avec un panorama \u00e0 360\u00b0 absolument grandiose.<\/strong> Cette perspective unique vous permettra d&rsquo;admirer depuis un point de vue privil\u00e9gi\u00e9 les montagnes que vous contemplez depuis les terrasses du Chalet Ararat.<\/p><p>Par beau temps, vous pourrez apercevoir <strong>les Grandes Jorasses, la Grande Casse et le Mont Pourri<\/strong>, les sommets les plus embl\u00e9matiques des Alpes.<\/p><h2 id=\"un-patrimoine-en-p-ril-t-moin-des-enjeux-climatiques\">Un patrimoine en p\u00e9ril, t\u00e9moin des enjeux climatiques<\/h2><p><strong>La chapelle du Mont Thabor<\/strong> est aujourd&rsquo;hui menac\u00e9e par le r\u00e9chauffement climatique. La fonte du permafrost sur lequel repose l&rsquo;\u00e9difice met en p\u00e9ril sa stabilit\u00e9, illustrant de mani\u00e8re frappante les cons\u00e9quences concr\u00e8tes du changement climatique sur notre patrimoine.<\/p><p>Cette r\u00e9alit\u00e9 conf\u00e8re \u00e0 votre ascension une dimension particuli\u00e8re : celle de t\u00e9moigner d&rsquo;un patrimoine exceptionnel dont la pr\u00e9servation repr\u00e9sente un d\u00e9fi majeur pour les g\u00e9n\u00e9rations futures. Des travaux de s\u00e9curisation ont \u00e9t\u00e9 entrepris r\u00e9cemment en pr\u00e9paration d&rsquo;une restauration compl\u00e8te de ce tr\u00e9sor architectural.<\/p><h2 id=\"organiser-votre-excursion-depuis-le-chalet-ararat\">Organiser votre excursion depuis le Chalet Ararat<\/h2><p><strong>Distance depuis Meg\u00e8ve<\/strong> : Environ 2h30 de route jusqu&rsquo;aux points de d\u00e9part classiques (N\u00e9vache ou Vall\u00e9e \u00c9troite)<\/p><p><strong>P\u00e9riode id\u00e9ale<\/strong> : De juillet \u00e0 septembre, en fonction de l&rsquo;enneigement et des conditions m\u00e9t\u00e9orologiques<\/p><p><strong>Niveau requis<\/strong> : Randonneurs exp\u00e9riment\u00e9s, avec une excellente condition physique<\/p><p><strong>\u00c9quipement indispensable<\/strong> : Chaussures de montagne, v\u00eatements adapt\u00e9s \u00e0 la haute altitude, protection solaire<\/p><p>L&rsquo;\u00e9quipe de conciergerie du Chalet Ararat peut vous accompagner dans l&rsquo;organisation de cette excursion m\u00e9morable, en vous aidant \u00e0 planifier le transport, \u00e0 v\u00e9rifier les conditions m\u00e9t\u00e9orologiques et \u00e0 organiser un pique-nique digne de cette aventure alpine.<\/p><h2 id=\"choisissez-votre-aventure-en-fonction-des-diff-rents-itin-raires-de-randonn-e\">Choisissez votre aventure en fonction des diff\u00e9rents itin\u00e9raires de randonn\u00e9e<\/h2><p>Plusieurs options s&rsquo;offrent \u00e0 vous pour d\u00e9couvrir le Mont Thabor, chacune pr\u00e9sentant ses propres attraits. <strong>L&rsquo;ascension depuis la Vall\u00e9e \u00c9troite, accessible par l&rsquo;Italie<\/strong>, vous fera d\u00e9couvrir les refuges Re Magi et Terzo Alpini, t\u00e9moins de la proximit\u00e9 italienne. Cette route historique emprunte notamment le GR57 \u00ab\u00a0Tour du Mont Thabor\u00a0\u00bb et traverse des paysages vari\u00e9s, alternant for\u00eats, clairi\u00e8res et alpages.<\/p><p><strong>L&rsquo;itin\u00e9raire depuis Valmeinier<\/strong>, bien que plus long avec ses 28 kilom\u00e8tres, offre une approche diff\u00e9rente par le refuge de Terre Rouge et la chapelle Notre-Dame des Neiges. Cette variante permet d&rsquo;appr\u00e9cier pleinement la diversit\u00e9 des \u00e9cosyst\u00e8mes alpins, depuis les prairies d&rsquo;altitude jusqu&rsquo;aux environnements min\u00e9raux de haute montagne.<\/p><p>Pour les plus aventureux, <strong>le GRP Tour du Mont Thabor propose un circuit de 5 \u00e0 6 jours de refuge en refuge<\/strong>, permettant une immersion compl\u00e8te dans ce massif exceptionnel. Cette option transforme votre excursion en v\u00e9ritable exp\u00e9dition alpine, ponctu\u00e9e de nuits en altitude et de levers de soleil inoubliables sur les sommets environnants.<\/p><h2 id=\"d-couvrez-la-faune-et-la-flore\">D\u00e9couvrez la faune et la flore<\/h2><p>Votre ascension vous permettra d&rsquo;observer <strong>une faune alpine diversifi\u00e9e<\/strong>. Les marmottes peuplent les prairies d&rsquo;altitude, tandis que les bouquetins \u00e9voluent sur les pentes rocheuses. Les chamois, plus discrets, peuvent \u00eatre aper\u00e7us aux premi\u00e8res heures du matin.<\/p><p>La flore d\u00e9ploie ses tr\u00e9sors selon l&rsquo;altitude : <strong>rhododendrons, g\u00e9n\u00e9pi, edelweiss et une multitude de fleurs aux couleurs vives ponctuent votre progression, surtout au printemps<\/strong>. Cette biodiversit\u00e9 remarquable contraste avec l&rsquo;environnement min\u00e9ral du sommet !<\/p><h2 id=\"une-exp-rience-vivre-meg-ve\">Une exp\u00e9rience \u00e0 vivre \u00e0 Meg\u00e8ve<\/h2><p>Cette \u00e9chapp\u00e9e vers le Mont Thabor enrichira parfaitement votre s\u00e9jour au Chalet Ararat. Apr\u00e8s l&rsquo;effort de cette ascension exceptionnelle, vous appr\u00e9cierez d&rsquo;autant plus <strong>le confort et la s\u00e9r\u00e9nit\u00e9 de votre refuge \u00e0 Meg\u00e8ve<\/strong>.<\/p><p>La piscine int\u00e9rieure, le spa et l&rsquo;atmosph\u00e8re chaleureuse du chalet prendront une dimension particuli\u00e8re apr\u00e8s cette immersion en haute montagne.<\/p><p>Une journ\u00e9e au Mont Thabor c\u2019est une aventure qui caract\u00e9rise un s\u00e9jour d&rsquo;exception dans les Alpes fran\u00e7aises. Depuis votre base privil\u00e9gi\u00e9e au Chalet Ararat, laissez-vous tenter par cette exp\u00e9rience spirituelle et sportive qui marquera \u00e0 jamais vos souvenirs alpins.<\/p><\/div>\t\t\t\t\t\t\t\t<\/div>\n\t\t\t\t<\/div>\n\t\t\t\t\t<\/div>\n\t\t\t\t<\/div>\n\t\t\t\t<\/div>\n\t\t","protected":false},"excerpt":{"rendered":"<p>D\u00e9couvrez le Mont Thabor depuis le Chalet Ararat \u00e0 Meg\u00e8ve. Ascension vers la chapelle la plus haute de France \u00e0 3178m.<\/p>\n","protected":false},"author":6,"featured_media":2224,"comment_status":"closed","ping_status":"open","sticky":false,"template":"","format":"standard","meta":{"footnotes":""},"categories":[1],"tags":[],"class_list":["post-2221","post","type-post","status-publish","format-standard","has-post-thumbnail","hentry","category-non-classe"],"yoast_head":"<!-- This site is optimized with the Yoast SEO plugin v27.3 - https:\/\/yoast.com\/product\/yoast-seo-wordpress\/ -->\n<title>Une \u00e9chapp\u00e9e au Mont Thabor depuis Meg\u00e8ve - Chalet Ararat<\/title>\n<meta name=\"robots\" content=\"index, follow, max-snippet:-1, max-image-preview:large, max-video-preview:-1\" \/>\n<link rel=\"canonical\" href=\"https:\/\/chaletararatmegeve.com\/fr\/une-echappee-au-mont-thabor-depuis-megeve\/\" \/>\n<meta property=\"og:locale\" content=\"fr_FR\" \/>\n<meta property=\"og:type\" content=\"article\" \/>\n<meta property=\"og:title\" content=\"Une \u00e9chapp\u00e9e au Mont Thabor depuis Meg\u00e8ve - Chalet Ararat\" \/>\n<meta property=\"og:description\" content=\"D\u00e9couvrez le Mont Thabor depuis le Chalet Ararat \u00e0 Meg\u00e8ve. Ascension vers la chapelle la plus haute de France \u00e0 3178m.\" \/>\n<meta property=\"og:url\" content=\"https:\/\/chaletararatmegeve.com\/fr\/une-echappee-au-mont-thabor-depuis-megeve\/\" \/>\n<meta property=\"og:site_name\" content=\"Chalet Ararat\" \/>\n<meta property=\"article:published_time\" content=\"2025-07-09T10:21:51+00:00\" \/>\n<meta property=\"article:modified_time\" content=\"2025-08-26T13:43:42+00:00\" \/>\n<meta property=\"og:image\" content=\"https:\/\/chaletararatmegeve.com\/wp-content\/uploads\/2025\/07\/chalet-ararat-site-web-articles-Mont-Thabor-depuis-Megeve.webp\" \/>\n\t<meta property=\"og:image:width\" content=\"1920\" \/>\n\t<meta property=\"og:image:height\" content=\"1080\" \/>\n\t<meta property=\"og:image:type\" content=\"image\/webp\" \/>\n<meta name=\"author\" content=\"Alexandre\" \/>\n<meta name=\"twitter:card\" content=\"summary_large_image\" \/>\n<meta name=\"twitter:label1\" content=\"\u00c9crit par\" \/>\n\t<meta name=\"twitter:data1\" content=\"Alexandre\" \/>\n\t<meta name=\"twitter:label2\" content=\"Dur\u00e9e de lecture estim\u00e9e\" \/>\n\t<meta name=\"twitter:data2\" content=\"5 minutes\" \/>\n<script type=\"application\/ld+json\" class=\"yoast-schema-graph\">{\"@context\":\"https:\\\/\\\/schema.org\",\"@graph\":[{\"@type\":\"Article\",\"@id\":\"https:\\\/\\\/chaletararatmegeve.com\\\/une-echappee-au-mont-thabor-depuis-megeve\\\/#article\",\"isPartOf\":{\"@id\":\"https:\\\/\\\/chaletararatmegeve.com\\\/une-echappee-au-mont-thabor-depuis-megeve\\\/\"},\"author\":{\"name\":\"Alexandre\",\"@id\":\"https:\\\/\\\/chaletararatmegeve.com\\\/fr\\\/#\\\/schema\\\/person\\\/552ec7b445baf03ed62e6c37e77e2a98\"},\"headline\":\"Une \u00e9chapp\u00e9e au Mont Thabor depuis Meg\u00e8ve\",\"datePublished\":\"2025-07-09T10:21:51+00:00\",\"dateModified\":\"2025-08-26T13:43:42+00:00\",\"mainEntityOfPage\":{\"@id\":\"https:\\\/\\\/chaletararatmegeve.com\\\/une-echappee-au-mont-thabor-depuis-megeve\\\/\"},\"wordCount\":1022,\"publisher\":{\"@id\":\"https:\\\/\\\/chaletararatmegeve.com\\\/fr\\\/#organization\"},\"image\":{\"@id\":\"https:\\\/\\\/chaletararatmegeve.com\\\/une-echappee-au-mont-thabor-depuis-megeve\\\/#primaryimage\"},\"thumbnailUrl\":\"https:\\\/\\\/chaletararatmegeve.com\\\/wp-content\\\/uploads\\\/2025\\\/07\\\/chalet-ararat-site-web-articles-Mont-Thabor-depuis-Megeve.webp\",\"inLanguage\":\"fr-FR\"},{\"@type\":\"WebPage\",\"@id\":\"https:\\\/\\\/chaletararatmegeve.com\\\/une-echappee-au-mont-thabor-depuis-megeve\\\/\",\"url\":\"https:\\\/\\\/chaletararatmegeve.com\\\/une-echappee-au-mont-thabor-depuis-megeve\\\/\",\"name\":\"Une \u00e9chapp\u00e9e au Mont Thabor depuis Meg\u00e8ve - Chalet Ararat\",\"isPartOf\":{\"@id\":\"https:\\\/\\\/chaletararatmegeve.com\\\/fr\\\/#website\"},\"primaryImageOfPage\":{\"@id\":\"https:\\\/\\\/chaletararatmegeve.com\\\/une-echappee-au-mont-thabor-depuis-megeve\\\/#primaryimage\"},\"image\":{\"@id\":\"https:\\\/\\\/chaletararatmegeve.com\\\/une-echappee-au-mont-thabor-depuis-megeve\\\/#primaryimage\"},\"thumbnailUrl\":\"https:\\\/\\\/chaletararatmegeve.com\\\/wp-content\\\/uploads\\\/2025\\\/07\\\/chalet-ararat-site-web-articles-Mont-Thabor-depuis-Megeve.webp\",\"datePublished\":\"2025-07-09T10:21:51+00:00\",\"dateModified\":\"2025-08-26T13:43:42+00:00\",\"breadcrumb\":{\"@id\":\"https:\\\/\\\/chaletararatmegeve.com\\\/une-echappee-au-mont-thabor-depuis-megeve\\\/#breadcrumb\"},\"inLanguage\":\"fr-FR\",\"potentialAction\":[{\"@type\":\"ReadAction\",\"target\":[\"https:\\\/\\\/chaletararatmegeve.com\\\/une-echappee-au-mont-thabor-depuis-megeve\\\/\"]}]},{\"@type\":\"ImageObject\",\"inLanguage\":\"fr-FR\",\"@id\":\"https:\\\/\\\/chaletararatmegeve.com\\\/une-echappee-au-mont-thabor-depuis-megeve\\\/#primaryimage\",\"url\":\"https:\\\/\\\/chaletararatmegeve.com\\\/wp-content\\\/uploads\\\/2025\\\/07\\\/chalet-ararat-site-web-articles-Mont-Thabor-depuis-Megeve.webp\",\"contentUrl\":\"https:\\\/\\\/chaletararatmegeve.com\\\/wp-content\\\/uploads\\\/2025\\\/07\\\/chalet-ararat-site-web-articles-Mont-Thabor-depuis-Megeve.webp\",\"width\":1920,\"height\":1080},{\"@type\":\"BreadcrumbList\",\"@id\":\"https:\\\/\\\/chaletararatmegeve.com\\\/une-echappee-au-mont-thabor-depuis-megeve\\\/#breadcrumb\",\"itemListElement\":[{\"@type\":\"ListItem\",\"position\":1,\"name\":\"Accueil\",\"item\":\"https:\\\/\\\/chaletararatmegeve.com\\\/\"},{\"@type\":\"ListItem\",\"position\":2,\"name\":\"Une \u00e9chapp\u00e9e au Mont Thabor depuis Meg\u00e8ve\"}]},{\"@type\":\"WebSite\",\"@id\":\"https:\\\/\\\/chaletararatmegeve.com\\\/fr\\\/#website\",\"url\":\"https:\\\/\\\/chaletararatmegeve.com\\\/fr\\\/\",\"name\":\"Chalet Ararat\",\"description\":\"Luxury Chalet in Meg\u00e8ve\",\"publisher\":{\"@id\":\"https:\\\/\\\/chaletararatmegeve.com\\\/fr\\\/#organization\"},\"potentialAction\":[{\"@type\":\"SearchAction\",\"target\":{\"@type\":\"EntryPoint\",\"urlTemplate\":\"https:\\\/\\\/chaletararatmegeve.com\\\/fr\\\/?s={search_term_string}\"},\"query-input\":{\"@type\":\"PropertyValueSpecification\",\"valueRequired\":true,\"valueName\":\"search_term_string\"}}],\"inLanguage\":\"fr-FR\"},{\"@type\":\"Organization\",\"@id\":\"https:\\\/\\\/chaletararatmegeve.com\\\/fr\\\/#organization\",\"name\":\"Chalet Ararat\",\"url\":\"https:\\\/\\\/chaletararatmegeve.com\\\/fr\\\/\",\"logo\":{\"@type\":\"ImageObject\",\"inLanguage\":\"fr-FR\",\"@id\":\"https:\\\/\\\/chaletararatmegeve.com\\\/fr\\\/#\\\/schema\\\/logo\\\/image\\\/\",\"url\":\"https:\\\/\\\/chaletararatmegeve.com\\\/wp-content\\\/uploads\\\/2024\\\/05\\\/chalet-ararat-logotype-or.svg\",\"contentUrl\":\"https:\\\/\\\/chaletararatmegeve.com\\\/wp-content\\\/uploads\\\/2024\\\/05\\\/chalet-ararat-logotype-or.svg\",\"width\":147,\"height\":47,\"caption\":\"Chalet Ararat\"},\"image\":{\"@id\":\"https:\\\/\\\/chaletararatmegeve.com\\\/fr\\\/#\\\/schema\\\/logo\\\/image\\\/\"}},{\"@type\":\"Person\",\"@id\":\"https:\\\/\\\/chaletararatmegeve.com\\\/fr\\\/#\\\/schema\\\/person\\\/552ec7b445baf03ed62e6c37e77e2a98\",\"name\":\"Alexandre\",\"image\":{\"@type\":\"ImageObject\",\"inLanguage\":\"fr-FR\",\"@id\":\"https:\\\/\\\/secure.gravatar.com\\\/avatar\\\/55244ddfeff4d10a2b06e42cb797fe918a336105b82b6f5201a3a07b1e4df8f9?s=96&d=mm&r=g\",\"url\":\"https:\\\/\\\/secure.gravatar.com\\\/avatar\\\/55244ddfeff4d10a2b06e42cb797fe918a336105b82b6f5201a3a07b1e4df8f9?s=96&d=mm&r=g\",\"contentUrl\":\"https:\\\/\\\/secure.gravatar.com\\\/avatar\\\/55244ddfeff4d10a2b06e42cb797fe918a336105b82b6f5201a3a07b1e4df8f9?s=96&d=mm&r=g\",\"caption\":\"Alexandre\"},\"url\":\"https:\\\/\\\/chaletararatmegeve.com\\\/fr\"}]}<\/script>\n<!-- \/ Yoast SEO plugin. -->","yoast_head_json":{"title":"Une \u00e9chapp\u00e9e au Mont Thabor depuis Meg\u00e8ve - Chalet Ararat","robots":{"index":"index","follow":"follow","max-snippet":"max-snippet:-1","max-image-preview":"max-image-preview:large","max-video-preview":"max-video-preview:-1"},"canonical":"https:\/\/chaletararatmegeve.com\/fr\/une-echappee-au-mont-thabor-depuis-megeve\/","og_locale":"fr_FR","og_type":"article","og_title":"Une \u00e9chapp\u00e9e au Mont Thabor depuis Meg\u00e8ve - Chalet Ararat","og_description":"D\u00e9couvrez le Mont Thabor depuis le Chalet Ararat \u00e0 Meg\u00e8ve. Ascension vers la chapelle la plus haute de France \u00e0 3178m.","og_url":"https:\/\/chaletararatmegeve.com\/fr\/une-echappee-au-mont-thabor-depuis-megeve\/","og_site_name":"Chalet Ararat","article_published_time":"2025-07-09T10:21:51+00:00","article_modified_time":"2025-08-26T13:43:42+00:00","og_image":[{"width":1920,"height":1080,"url":"https:\/\/chaletararatmegeve.com\/wp-content\/uploads\/2025\/07\/chalet-ararat-site-web-articles-Mont-Thabor-depuis-Megeve.webp","type":"image\/webp"}],"author":"Alexandre","twitter_card":"summary_large_image","twitter_misc":{"\u00c9crit par":"Alexandre","Dur\u00e9e de lecture estim\u00e9e":"5 minutes"},"schema":{"@context":"https:\/\/schema.org","@graph":[{"@type":"Article","@id":"https:\/\/chaletararatmegeve.com\/une-echappee-au-mont-thabor-depuis-megeve\/#article","isPartOf":{"@id":"https:\/\/chaletararatmegeve.com\/une-echappee-au-mont-thabor-depuis-megeve\/"},"author":{"name":"Alexandre","@id":"https:\/\/chaletararatmegeve.com\/fr\/#\/schema\/person\/552ec7b445baf03ed62e6c37e77e2a98"},"headline":"Une \u00e9chapp\u00e9e au Mont Thabor depuis Meg\u00e8ve","datePublished":"2025-07-09T10:21:51+00:00","dateModified":"2025-08-26T13:43:42+00:00","mainEntityOfPage":{"@id":"https:\/\/chaletararatmegeve.com\/une-echappee-au-mont-thabor-depuis-megeve\/"},"wordCount":1022,"publisher":{"@id":"https:\/\/chaletararatmegeve.com\/fr\/#organization"},"image":{"@id":"https:\/\/chaletararatmegeve.com\/une-echappee-au-mont-thabor-depuis-megeve\/#primaryimage"},"thumbnailUrl":"https:\/\/chaletararatmegeve.com\/wp-content\/uploads\/2025\/07\/chalet-ararat-site-web-articles-Mont-Thabor-depuis-Megeve.webp","inLanguage":"fr-FR"},{"@type":"WebPage","@id":"https:\/\/chaletararatmegeve.com\/une-echappee-au-mont-thabor-depuis-megeve\/","url":"https:\/\/chaletararatmegeve.com\/une-echappee-au-mont-thabor-depuis-megeve\/","name":"Une \u00e9chapp\u00e9e au Mont Thabor depuis Meg\u00e8ve - Chalet Ararat","isPartOf":{"@id":"https:\/\/chaletararatmegeve.com\/fr\/#website"},"primaryImageOfPage":{"@id":"https:\/\/chaletararatmegeve.com\/une-echappee-au-mont-thabor-depuis-megeve\/#primaryimage"},"image":{"@id":"https:\/\/chaletararatmegeve.com\/une-echappee-au-mont-thabor-depuis-megeve\/#primaryimage"},"thumbnailUrl":"https:\/\/chaletararatmegeve.com\/wp-content\/uploads\/2025\/07\/chalet-ararat-site-web-articles-Mont-Thabor-depuis-Megeve.webp","datePublished":"2025-07-09T10:21:51+00:00","dateModified":"2025-08-26T13:43:42+00:00","breadcrumb":{"@id":"https:\/\/chaletararatmegeve.com\/une-echappee-au-mont-thabor-depuis-megeve\/#breadcrumb"},"inLanguage":"fr-FR","potentialAction":[{"@type":"ReadAction","target":["https:\/\/chaletararatmegeve.com\/une-echappee-au-mont-thabor-depuis-megeve\/"]}]},{"@type":"ImageObject","inLanguage":"fr-FR","@id":"https:\/\/chaletararatmegeve.com\/une-echappee-au-mont-thabor-depuis-megeve\/#primaryimage","url":"https:\/\/chaletararatmegeve.com\/wp-content\/uploads\/2025\/07\/chalet-ararat-site-web-articles-Mont-Thabor-depuis-Megeve.webp","contentUrl":"https:\/\/chaletararatmegeve.com\/wp-content\/uploads\/2025\/07\/chalet-ararat-site-web-articles-Mont-Thabor-depuis-Megeve.webp","width":1920,"height":1080},{"@type":"BreadcrumbList","@id":"https:\/\/chaletararatmegeve.com\/une-echappee-au-mont-thabor-depuis-megeve\/#breadcrumb","itemListElement":[{"@type":"ListItem","position":1,"name":"Accueil","item":"https:\/\/chaletararatmegeve.com\/"},{"@type":"ListItem","position":2,"name":"Une \u00e9chapp\u00e9e au Mont Thabor depuis Meg\u00e8ve"}]},{"@type":"WebSite","@id":"https:\/\/chaletararatmegeve.com\/fr\/#website","url":"https:\/\/chaletararatmegeve.com\/fr\/","name":"Chalet Ararat","description":"Luxury Chalet in Meg\u00e8ve","publisher":{"@id":"https:\/\/chaletararatmegeve.com\/fr\/#organization"},"potentialAction":[{"@type":"SearchAction","target":{"@type":"EntryPoint","urlTemplate":"https:\/\/chaletararatmegeve.com\/fr\/?s={search_term_string}"},"query-input":{"@type":"PropertyValueSpecification","valueRequired":true,"valueName":"search_term_string"}}],"inLanguage":"fr-FR"},{"@type":"Organization","@id":"https:\/\/chaletararatmegeve.com\/fr\/#organization","name":"Chalet Ararat","url":"https:\/\/chaletararatmegeve.com\/fr\/","logo":{"@type":"ImageObject","inLanguage":"fr-FR","@id":"https:\/\/chaletararatmegeve.com\/fr\/#\/schema\/logo\/image\/","url":"https:\/\/chaletararatmegeve.com\/wp-content\/uploads\/2024\/05\/chalet-ararat-logotype-or.svg","contentUrl":"https:\/\/chaletararatmegeve.com\/wp-content\/uploads\/2024\/05\/chalet-ararat-logotype-or.svg","width":147,"height":47,"caption":"Chalet Ararat"},"image":{"@id":"https:\/\/chaletararatmegeve.com\/fr\/#\/schema\/logo\/image\/"}},{"@type":"Person","@id":"https:\/\/chaletararatmegeve.com\/fr\/#\/schema\/person\/552ec7b445baf03ed62e6c37e77e2a98","name":"Alexandre","image":{"@type":"ImageObject","inLanguage":"fr-FR","@id":"https:\/\/secure.gravatar.com\/avatar\/55244ddfeff4d10a2b06e42cb797fe918a336105b82b6f5201a3a07b1e4df8f9?s=96&d=mm&r=g","url":"https:\/\/secure.gravatar.com\/avatar\/55244ddfeff4d10a2b06e42cb797fe918a336105b82b6f5201a3a07b1e4df8f9?s=96&d=mm&r=g","contentUrl":"https:\/\/secure.gravatar.com\/avatar\/55244ddfeff4d10a2b06e42cb797fe918a336105b82b6f5201a3a07b1e4df8f9?s=96&d=mm&r=g","caption":"Alexandre"},"url":"https:\/\/chaletararatmegeve.com\/fr"}]}},"_links":{"self":[{"href":"https:\/\/chaletararatmegeve.com\/fr\/wp-json\/wp\/v2\/posts\/2221","targetHints":{"allow":["GET"]}}],"collection":[{"href":"https:\/\/chaletararatmegeve.com\/fr\/wp-json\/wp\/v2\/posts"}],"about":[{"href":"https:\/\/chaletararatmegeve.com\/fr\/wp-json\/wp\/v2\/types\/post"}],"author":[{"embeddable":true,"href":"https:\/\/chaletararatmegeve.com\/fr\/wp-json\/wp\/v2\/users\/6"}],"replies":[{"embeddable":true,"href":"https:\/\/chaletararatmegeve.com\/fr\/wp-json\/wp\/v2\/comments?post=2221"}],"version-history":[{"count":10,"href":"https:\/\/chaletararatmegeve.com\/fr\/wp-json\/wp\/v2\/posts\/2221\/revisions"}],"predecessor-version":[{"id":2299,"href":"https:\/\/chaletararatmegeve.com\/fr\/wp-json\/wp\/v2\/posts\/2221\/revisions\/2299"}],"wp:featuredmedia":[{"embeddable":true,"href":"https:\/\/chaletararatmegeve.com\/fr\/wp-json\/wp\/v2\/media\/2224"}],"wp:attachment":[{"href":"https:\/\/chaletararatmegeve.com\/fr\/wp-json\/wp\/v2\/media?parent=2221"}],"wp:term":[{"taxonomy":"category","embeddable":true,"href":"https:\/\/chaletararatmegeve.com\/fr\/wp-json\/wp\/v2\/categories?post=2221"},{"taxonomy":"post_tag","embeddable":true,"href":"https:\/\/chaletararatmegeve.com\/fr\/wp-json\/wp\/v2\/tags?post=2221"}],"curies":[{"name":"wp","href":"https:\/\/api.w.org\/{rel}","templated":true}]}}