{"id":2303,"date":"2025-08-25T09:00:54","date_gmt":"2025-08-25T07:00:54","guid":{"rendered":"https:\/\/chaletararatmegeve.com\/fr\/?p=2303"},"modified":"2025-08-26T15:43:39","modified_gmt":"2025-08-26T13:43:39","slug":"les-restaurants-incontournables-de-megeve","status":"publish","type":"post","link":"https:\/\/chaletararatmegeve.com\/fr\/les-restaurants-incontournables-de-megeve\/","title":{"rendered":"Les restaurants incontournables de Meg\u00e8ve"},"content":{"rendered":"<div class=\"automation-post\">\n<h1 id=\"les-restaurants-incontournables-de-meg-ve\">Les restaurants incontournables de Meg\u00e8ve<\/h1>\n<p>Meg\u00e8ve est certainement l&rsquo;une des <strong>destinations gastronomiques les plus prestigieuses des Alpes fran\u00e7aises<\/strong>.<\/p>\n<p>Cette station de montagne embl\u00e9matique abrite une constellation de restaurants d&rsquo;exception, r\u00e9compens\u00e9s par les plus hautes distinctions du Guide Michelin. Ils offrent aux amateurs de gastronomie une exp\u00e9rience culinaire incomparable.<\/p>\n<h2 id=\"les-toiles-michelin-brillent-meg-ve\">Les \u00e9toiles Michelin brillent \u00e0 Meg\u00e8ve<\/h2>\n<h3 id=\"flocons-de-sel-une-table-3-toiles\">Flocons de Sel &#8211; une table 3 \u00e9toiles<\/h3>\n<p>Au sommet de la gastronomie \u00e0 Meg\u00e8ve se dresse le restaurant <a href=\"https:\/\/emmanuelrenaut.com\/fr\/flocons-de-sel\/\" target=\"_blank\" rel=\"noopener\"><strong>Flocons de Sel<\/strong> d&rsquo;Emmanuel Renaut<\/a>, couronn\u00e9 de trois \u00e9toiles Michelin. Ce chef d&rsquo;exception, \u00e9galement Meilleur Ouvrier de France, a su cr\u00e9er une cuisine d&rsquo;une pr\u00e9cision remarquable, puisant son inspiration dans les produits de montagne pour composer des \u0153uvres culinaires d&rsquo;une rare intensit\u00e9.<\/p>\n<p>L&rsquo;\u00e9tablissement Relais &amp; Ch\u00e2teaux propose une exp\u00e9rience gastronomique totale, o\u00f9 chaque plat raconte l&rsquo;histoire du terroir savoyard revisit\u00e9 avec une cr\u00e9ativit\u00e9 sans limite. Emmanuel Renaut transforme les ingr\u00e9dients locaux en symphonie gustative, cr\u00e9ant des harmonies inattendues entre tradition alpine et innovation culinaire.<\/p>\n<h3 id=\"fermeture-temporaire-pour-r-novation\">Fermeture temporaire pour r\u00e9novation<\/h3>\n<p>Le restaurant Flocons de Sel a ferm\u00e9 temporairement ses portes pour des travaux de r\u00e9novation qui dureront jusqu&rsquo;\u00e0 la fin de l&rsquo;ann\u00e9e 2025. La fermeture a eu lieu le 1er septembre 2024 et la r\u00e9ouverture est pr\u00e9vue pour <strong>le second semestre 2025<\/strong>.<\/p>\n<h3 id=\"table-gastronomique-ph-m-re-au-c-ur-de-meg-ve\">Table gastronomique \u00e9ph\u00e9m\u00e8re au c\u0153ur de Meg\u00e8ve<\/h3>\n<p>En attendant la r\u00e9ouverture, Emmanuel Renaut a ouvert sa table gastronomique 3 \u00e9toiles Michelin au Flocons Village, au c\u0153ur de Meg\u00e8ve, depuis le 12 juin 2025. Cette installation temporaire lui permet de retourner l\u00e0 o\u00f9 tout a commenc\u00e9 il y a plus de 25 ans, proposant une exp\u00e9rience de haute gastronomie dans un univers intimiste \u00e0 forte r\u00e9sonance \u00e9motionnelle.<\/p>\n<h3 id=\"horaires-et-disponibilit-actuels\">Horaires et disponibilit\u00e9 actuels<\/h3>\n<p>La table gastronomique Emmanuel Renaut est ouverte le soir uniquement du jeudi au lundi jusqu&rsquo;au lundi 20 octobre 2025.<\/p>\n<h3 id=\"nouvelles-adresses-compl-mentaires\">Nouvelles adresses compl\u00e9mentaires<\/h3>\n<p>Pendant cette p\u00e9riode de travaux, Emmanuel Renaut continue d&rsquo;accueillir sa client\u00e8le dans :<\/p>\n<ul>\n<li><strong>Le Prieur\u00e9<\/strong> : nouveau restaurant bistronomique \u00e0 Meg\u00e8ve, ouvert du jeudi au lundi au d\u00e9jeuner et au d\u00eener.<\/li>\n<li><strong>Le Garde-manger<\/strong> : \u00e9picerie fine et boulangerie ouverte 7 jours sur 7.<\/li>\n<li><strong>L&rsquo;Auberge du Bois Prin<\/strong> \u00e0 Chamonix.<\/li>\n<\/ul>\n<p>Cette p\u00e9riode de r\u00e9novation marque une \u00e9tape importante pour l&rsquo;\u00e9tablissement Relais &amp; Ch\u00e2teaux, permettant \u00e0 Emmanuel Renaut de moderniser ses installations tout en maintenant son excellence gastronomique dans un cadre temporaire au c\u0153ur du village de Meg\u00e8ve.<\/p>\n<h3 id=\"-vous-la-nouvelle-toile-montante\">\u201cVous\u201d, la nouvelle \u00e9toile montante<\/h3>\n<p>Parmi les nouveaut\u00e9s remarquables du Guide Michelin 2025, <a href=\"https:\/\/www.juliengatillon.fr\/\" target=\"_blank\" rel=\"noopener\">le restaurant <strong>Vous<\/strong> de <strong>Julien Gatillon<\/strong><\/a> et <strong>Jean Pastre<\/strong> a d\u00e9croch\u00e9 sa premi\u00e8re \u00e9toile. Cette reconnaissance vient couronner une approche culinaire innovante qui enrichit encore davantage le paysage gastronomique m\u00e9gevan, confirmant le dynamisme et l&rsquo;excellence de la sc\u00e8ne culinaire locale.<\/p>\n<h3 id=\"concept-et-format-unique\">Concept et format unique<\/h3>\n<p>Le restaurant est install\u00e9 dans un chalet \u00e9l\u00e9gant du centre de Meg\u00e8ve avec un concept original : <strong>autour d&rsquo;un comptoir de 14 places<\/strong>, le jeune chef Jean Pastre, \u00e9paul\u00e9 par Julien Gatillon, compose sous vos yeux une cuisine moderne, lisible et soign\u00e9e.<\/p>\n<h3 id=\"l-expansion-de-julien-gatillon\">L&rsquo;expansion de Julien Gatillon<\/h3>\n<p>Avec l&rsquo;ouverture de VOUS et ANATA, Julien Gatillon compte d\u00e9sormais trois restaurants \u00e0 Meg\u00e8ve. Le chef, form\u00e9 aupr\u00e8s de <strong>Beno\u00eet Violier et Yannick All\u00e9no<\/strong>, d\u00e9veloppe ainsi son concept culinaire sur plusieurs adresses :<\/p>\n<ul>\n<li><strong>NOUS<\/strong> : Son restaurant original proposant une exp\u00e9rience gastronomique sur-mesure.<\/li>\n<li><strong>VOUS<\/strong> : Sa nouvelle table \u00e9toil\u00e9e avec une trame culinaire similaire \u00e0 celle de NOUS avec une mise en avant d&rsquo;ingr\u00e9dients savamment sourc\u00e9s.<\/li>\n<li><strong>ANATA<\/strong> : Situ\u00e9 dans une mezzanine au-dessus du restaurant VOUS, il offre l&rsquo;exp\u00e9rience d&rsquo;un comptoir japonais traditionnel.<\/li>\n<\/ul>\n<h3 id=\"cuisine-et-sp-cialit-s\">Cuisine et sp\u00e9cialit\u00e9s<\/h3>\n<p>Les produits de Savoie et d&rsquo;ailleurs brillent dans des assiettes franches et \u00e9quilibr\u00e9es : omble chevalier au cresson et caviar, langoustine au safran, veau fermier et c\u00e9leri confit.<\/p>\n<h3 id=\"la-table-de-l-alpaga\">La Table de l&rsquo;Alpaga<\/h3>\n<p>Le chef <strong>Alexandre Baule<\/strong> dirige avec brio <a href=\"https:\/\/www.beaumier.com\/fr\/proprietes\/hotel-alpaga\/gastronomie\/\" target=\"_blank\" rel=\"noopener\">La Table de l&rsquo;Alpaga<\/a>, restaurant \u00e9toil\u00e9 Michelin nich\u00e9 dans l&rsquo;h\u00f4tel du m\u00eame nom. Face au Mont-Blanc et au massif des Aravis, cette table d&rsquo;exception propose une cuisine pr\u00e9cise et inventive qui rend hommage \u00e0 la montagne.<\/p>\n<p>Alexandre Baule compose ses menus en puisant dans l&rsquo;\u00e9cosyst\u00e8me alpin, sublimant les produits locaux avec une \u00e9l\u00e9gante sinc\u00e9rit\u00e9. Sa cuisine refl\u00e8te parfaitement l&rsquo;esprit contemporain de Meg\u00e8ve, alliant respect des traditions et modernit\u00e9 culinaire.<\/p>\n<h3 id=\"philosophie-culinaire\">Philosophie culinaire<\/h3>\n<p><strong>Le v\u00e9g\u00e9tal \u00e0 l&rsquo;honneur<\/strong> : Le jeune chef Alexandre Baule s&rsquo;attache \u00e0 sublimer le terroir savoyard, avec une pr\u00e9dilection pour le v\u00e9g\u00e9tal. Ici, le v\u00e9g\u00e9tal prend la place d&rsquo;honneur, tandis que poissons et viandes jouent un r\u00f4le d&rsquo;accompagnement.<\/p>\n<p><strong>Approche saisonni\u00e8re<\/strong> : Le Chef Alexandre Baule vous entra\u00eene dans une balade gastronomique et savoyarde, \u00e9voluant au fil des cueillettes et des saisons.<\/p>\n<h3 id=\"le-cadre-et-l-ambiance\">Le cadre et l&rsquo;ambiance<\/h3>\n<p>Qu&rsquo;il est doux de s&rsquo;attabler dans ce <strong>nid chic et douillet<\/strong>, o\u00f9 des mat\u00e9riaux bruts et nobles tels que marbre et ch\u00eane composent un d\u00e9cor authentique et intemporel. Le restaurant b\u00e9n\u00e9ficie d&rsquo;une vue exceptionnelle sur le Mont-Blanc.<\/p>\n<h2 id=\"d-autres-tables-d-exception\">D\u2019autres tables d&rsquo;exception<\/h2>\n<p>Au-del\u00e0 des restaurants \u00e9toil\u00e9s et en plus des adresses list\u00e9es ci-dessus, Meg\u00e8ve abrite de nombreuses autres tables remarquables qui participent \u00e0 la renomm\u00e9e gastronomique de la station :<\/p>\n<ul>\n<li><strong>Brasserie Benjamin<\/strong> : Situ\u00e9e au Four Seasons Hotel Meg\u00e8ve, cette nouvelle adresse propose une cuisine fran\u00e7aise raffin\u00e9e avec des \u00ab\u00a0plats canailles\u00a0\u00bb dans un d\u00e9cor \u00e9l\u00e9gant. Dirig\u00e9e par le chef <strong>Armando Acquaviva<\/strong> (ancien chef ex\u00e9cutif de La Dame de Pic), elle offre une exp\u00e9rience gastronomique de haut niveau dans un registre plus accessible.<\/li>\n<li><strong>Kaito<\/strong> : Restaurant panasiatique situ\u00e9 au Four Seasons Hotel Meg\u00e8ve, qui confirme l&rsquo;attrait de la station pour la gastronomie asiatique de haut niveau.<\/li>\n<li><strong>Le Refuge<\/strong> : Une table qui c\u00e9l\u00e8bre les traditions montagnardes avec cr\u00e9ativit\u00e9 et savoir-faire.<\/li>\n<\/ul>\n<h2 id=\"notre-alternative-un-chef-domicile-au-chalet-ararat\">Notre alternative : Un chef \u00e0 domicile au Chalet Ararat<\/h2>\n<p>Pour les h\u00f4tes du <strong>Chalet Ararat<\/strong>, l&rsquo;exp\u00e9rience gastronomique peut se prolonger dans l&rsquo;intimit\u00e9 de leur h\u00e9bergement de luxe gr\u00e2ce au <strong>service de chef \u00e0 domicile<\/strong>. Cette prestation sur mesure transforme votre chalet en restaurant priv\u00e9, offrant une exp\u00e9rience culinaire personnalis\u00e9e et exclusive.<\/p>\n<h3 id=\"les-avantages-du-chef-domicile\">Les avantages du chef \u00e0 domicile<\/h3>\n<ul>\n<li><strong>Personnalisation totale<\/strong> : Votre chef priv\u00e9 adapte enti\u00e8rement ses menus \u00e0 vos pr\u00e9f\u00e9rences, au nombre de convives, aux allergies alimentaires et aux r\u00e9gimes sp\u00e9cifiques de chacun. Que vous souhaitiez d\u00e9couvrir la cuisine savoyarde traditionnelle, explorer des saveurs internationales ou vous r\u00e9galer de cr\u00e9ations gastronomiques contemporaines, tout est possible.<\/li>\n<li><strong>Flexibilit\u00e9 et confort<\/strong> : Profitez d&rsquo;un service de restauration de niveau \u00e9toil\u00e9 sans quitter le confort de votre chalet. Pas de r\u00e9servation \u00e0 g\u00e9rer, pas de contraintes horaires, pas de d\u00e9placement \u00e0 pr\u00e9voir, simplement le plaisir de savourer une cuisine d&rsquo;exception dans votre cadre priv\u00e9.<\/li>\n<li><strong>Exp\u00e9rience compl\u00e8te<\/strong> : Le chef s&rsquo;occupe de tout, des courses \u00e0 la pr\u00e9sentation des plats, en passant par le service et le nettoyage. Vous n&rsquo;avez qu&rsquo;\u00e0 vous laisser porter et profiter de ces moments privil\u00e9gi\u00e9s avec vos proches.<\/li>\n<li><strong>D\u00e9couverte culinaire<\/strong> : Chaque plat devient une occasion d&rsquo;apprentissage, votre chef partageant volontiers l&rsquo;origine des produits, les techniques culinaires employ\u00e9es et les accords mets-vins recommand\u00e9s.<\/li>\n<\/ul>\n<h3 id=\"les-prestations-disponibles\">Les prestations disponibles<\/h3>\n<p>Les services de chef \u00e0 domicile \u00e0 Meg\u00e8ve proposent une large gamme de prestations :<\/p>\n<ul>\n<li><strong>Menus d\u00e9gustation<\/strong> cr\u00e9\u00e9s sp\u00e9cialement pour l&rsquo;occasion;<\/li>\n<li><strong>Cocktails d\u00eenatoires<\/strong>;<\/li>\n<li><strong>Brunchs gourmands<\/strong> pour commencer la journ\u00e9e en beaut\u00e9;<\/li>\n<li><strong>D\u00eeners th\u00e9matiques<\/strong> selon vos envies culinaires.<\/li>\n<\/ul>\n<h2 id=\"la-gastronomie-au-coeur-de-meg-ve\">La gastronomie au coeur de Meg\u00e8ve<\/h2>\n<p>Cette richesse culinaire s&rsquo;inscrit parfaitement dans l&rsquo;esprit de Meg\u00e8ve, station qui a su pr\u00e9server son authenticit\u00e9. Pour les h\u00f4tes du Chalet Ararat, cette diversit\u00e9 gastronomique offre une palette infinie de plaisirs culinaires et permet de composer un s\u00e9jour o\u00f9 chaque repas devient un moment d&rsquo;exception.<\/p>\n<\/div>\n","protected":false},"excerpt":{"rendered":"<p>Meg\u00e8ve abrite de nombreux restaurants \u00e9toil\u00e9s et autres tables d\u2019exception. D\u00e9couvrez les meilleures adresses dans cet article<\/p>\n","protected":false},"author":6,"featured_media":2308,"comment_status":"closed","ping_status":"open","sticky":false,"template":"","format":"standard","meta":{"footnotes":""},"categories":[37],"tags":[],"class_list":["post-2303","post","type-post","status-publish","format-standard","has-post-thumbnail","hentry","category-gastronomie"],"yoast_head":"<!-- This site is optimized with the Yoast SEO plugin v27.3 - https:\/\/yoast.com\/product\/yoast-seo-wordpress\/ -->\n<title>Les restaurants incontournables de Meg\u00e8ve - Chalet Ararat<\/title>\n<meta name=\"robots\" content=\"index, follow, max-snippet:-1, max-image-preview:large, max-video-preview:-1\" \/>\n<link rel=\"canonical\" href=\"https:\/\/chaletararatmegeve.com\/fr\/les-restaurants-incontournables-de-megeve\/\" \/>\n<meta property=\"og:locale\" content=\"fr_FR\" \/>\n<meta property=\"og:type\" content=\"article\" \/>\n<meta property=\"og:title\" content=\"Les restaurants incontournables de Meg\u00e8ve - Chalet Ararat\" \/>\n<meta property=\"og:description\" content=\"Meg\u00e8ve abrite de nombreux restaurants \u00e9toil\u00e9s et autres tables d\u2019exception. D\u00e9couvrez les meilleures adresses dans cet article\" \/>\n<meta property=\"og:url\" content=\"https:\/\/chaletararatmegeve.com\/fr\/les-restaurants-incontournables-de-megeve\/\" \/>\n<meta property=\"og:site_name\" content=\"Chalet Ararat\" \/>\n<meta property=\"article:published_time\" content=\"2025-08-25T07:00:54+00:00\" \/>\n<meta property=\"article:modified_time\" content=\"2025-08-26T13:43:39+00:00\" \/>\n<meta property=\"og:image\" content=\"https:\/\/chaletararatmegeve.com\/wp-content\/uploads\/2025\/08\/brands-people-iFyLBKmCrmQ-unsplash-scaled.jpg\" \/>\n\t<meta property=\"og:image:width\" content=\"2560\" \/>\n\t<meta property=\"og:image:height\" content=\"1703\" \/>\n\t<meta property=\"og:image:type\" content=\"image\/jpeg\" \/>\n<meta name=\"author\" content=\"Alexandre\" \/>\n<meta name=\"twitter:card\" content=\"summary_large_image\" \/>\n<meta name=\"twitter:label1\" content=\"\u00c9crit par\" \/>\n\t<meta name=\"twitter:data1\" content=\"Alexandre\" \/>\n\t<meta name=\"twitter:label2\" content=\"Dur\u00e9e de lecture estim\u00e9e\" \/>\n\t<meta name=\"twitter:data2\" content=\"6 minutes\" \/>\n<script type=\"application\/ld+json\" class=\"yoast-schema-graph\">{\"@context\":\"https:\\\/\\\/schema.org\",\"@graph\":[{\"@type\":\"Article\",\"@id\":\"https:\\\/\\\/chaletararatmegeve.com\\\/les-restaurants-incontournables-de-megeve\\\/#article\",\"isPartOf\":{\"@id\":\"https:\\\/\\\/chaletararatmegeve.com\\\/les-restaurants-incontournables-de-megeve\\\/\"},\"author\":{\"name\":\"Alexandre\",\"@id\":\"https:\\\/\\\/chaletararatmegeve.com\\\/fr\\\/#\\\/schema\\\/person\\\/552ec7b445baf03ed62e6c37e77e2a98\"},\"headline\":\"Les restaurants incontournables de Meg\u00e8ve\",\"datePublished\":\"2025-08-25T07:00:54+00:00\",\"dateModified\":\"2025-08-26T13:43:39+00:00\",\"mainEntityOfPage\":{\"@id\":\"https:\\\/\\\/chaletararatmegeve.com\\\/les-restaurants-incontournables-de-megeve\\\/\"},\"wordCount\":1350,\"publisher\":{\"@id\":\"https:\\\/\\\/chaletararatmegeve.com\\\/fr\\\/#organization\"},\"image\":{\"@id\":\"https:\\\/\\\/chaletararatmegeve.com\\\/les-restaurants-incontournables-de-megeve\\\/#primaryimage\"},\"thumbnailUrl\":\"https:\\\/\\\/chaletararatmegeve.com\\\/wp-content\\\/uploads\\\/2025\\\/08\\\/brands-people-iFyLBKmCrmQ-unsplash-scaled.jpg\",\"articleSection\":[\"Gastronomie\"],\"inLanguage\":\"fr-FR\"},{\"@type\":\"WebPage\",\"@id\":\"https:\\\/\\\/chaletararatmegeve.com\\\/les-restaurants-incontournables-de-megeve\\\/\",\"url\":\"https:\\\/\\\/chaletararatmegeve.com\\\/les-restaurants-incontournables-de-megeve\\\/\",\"name\":\"Les restaurants incontournables de Meg\u00e8ve - Chalet Ararat\",\"isPartOf\":{\"@id\":\"https:\\\/\\\/chaletararatmegeve.com\\\/fr\\\/#website\"},\"primaryImageOfPage\":{\"@id\":\"https:\\\/\\\/chaletararatmegeve.com\\\/les-restaurants-incontournables-de-megeve\\\/#primaryimage\"},\"image\":{\"@id\":\"https:\\\/\\\/chaletararatmegeve.com\\\/les-restaurants-incontournables-de-megeve\\\/#primaryimage\"},\"thumbnailUrl\":\"https:\\\/\\\/chaletararatmegeve.com\\\/wp-content\\\/uploads\\\/2025\\\/08\\\/brands-people-iFyLBKmCrmQ-unsplash-scaled.jpg\",\"datePublished\":\"2025-08-25T07:00:54+00:00\",\"dateModified\":\"2025-08-26T13:43:39+00:00\",\"breadcrumb\":{\"@id\":\"https:\\\/\\\/chaletararatmegeve.com\\\/les-restaurants-incontournables-de-megeve\\\/#breadcrumb\"},\"inLanguage\":\"fr-FR\",\"potentialAction\":[{\"@type\":\"ReadAction\",\"target\":[\"https:\\\/\\\/chaletararatmegeve.com\\\/les-restaurants-incontournables-de-megeve\\\/\"]}]},{\"@type\":\"ImageObject\",\"inLanguage\":\"fr-FR\",\"@id\":\"https:\\\/\\\/chaletararatmegeve.com\\\/les-restaurants-incontournables-de-megeve\\\/#primaryimage\",\"url\":\"https:\\\/\\\/chaletararatmegeve.com\\\/wp-content\\\/uploads\\\/2025\\\/08\\\/brands-people-iFyLBKmCrmQ-unsplash-scaled.jpg\",\"contentUrl\":\"https:\\\/\\\/chaletararatmegeve.com\\\/wp-content\\\/uploads\\\/2025\\\/08\\\/brands-people-iFyLBKmCrmQ-unsplash-scaled.jpg\",\"width\":2560,\"height\":1703},{\"@type\":\"BreadcrumbList\",\"@id\":\"https:\\\/\\\/chaletararatmegeve.com\\\/les-restaurants-incontournables-de-megeve\\\/#breadcrumb\",\"itemListElement\":[{\"@type\":\"ListItem\",\"position\":1,\"name\":\"Accueil\",\"item\":\"https:\\\/\\\/chaletararatmegeve.com\\\/\"},{\"@type\":\"ListItem\",\"position\":2,\"name\":\"Les restaurants incontournables de Meg\u00e8ve\"}]},{\"@type\":\"WebSite\",\"@id\":\"https:\\\/\\\/chaletararatmegeve.com\\\/fr\\\/#website\",\"url\":\"https:\\\/\\\/chaletararatmegeve.com\\\/fr\\\/\",\"name\":\"Chalet Ararat\",\"description\":\"Luxury Chalet in Meg\u00e8ve\",\"publisher\":{\"@id\":\"https:\\\/\\\/chaletararatmegeve.com\\\/fr\\\/#organization\"},\"potentialAction\":[{\"@type\":\"SearchAction\",\"target\":{\"@type\":\"EntryPoint\",\"urlTemplate\":\"https:\\\/\\\/chaletararatmegeve.com\\\/fr\\\/?s={search_term_string}\"},\"query-input\":{\"@type\":\"PropertyValueSpecification\",\"valueRequired\":true,\"valueName\":\"search_term_string\"}}],\"inLanguage\":\"fr-FR\"},{\"@type\":\"Organization\",\"@id\":\"https:\\\/\\\/chaletararatmegeve.com\\\/fr\\\/#organization\",\"name\":\"Chalet Ararat\",\"url\":\"https:\\\/\\\/chaletararatmegeve.com\\\/fr\\\/\",\"logo\":{\"@type\":\"ImageObject\",\"inLanguage\":\"fr-FR\",\"@id\":\"https:\\\/\\\/chaletararatmegeve.com\\\/fr\\\/#\\\/schema\\\/logo\\\/image\\\/\",\"url\":\"https:\\\/\\\/chaletararatmegeve.com\\\/wp-content\\\/uploads\\\/2024\\\/05\\\/chalet-ararat-logotype-or.svg\",\"contentUrl\":\"https:\\\/\\\/chaletararatmegeve.com\\\/wp-content\\\/uploads\\\/2024\\\/05\\\/chalet-ararat-logotype-or.svg\",\"width\":147,\"height\":47,\"caption\":\"Chalet Ararat\"},\"image\":{\"@id\":\"https:\\\/\\\/chaletararatmegeve.com\\\/fr\\\/#\\\/schema\\\/logo\\\/image\\\/\"}},{\"@type\":\"Person\",\"@id\":\"https:\\\/\\\/chaletararatmegeve.com\\\/fr\\\/#\\\/schema\\\/person\\\/552ec7b445baf03ed62e6c37e77e2a98\",\"name\":\"Alexandre\",\"image\":{\"@type\":\"ImageObject\",\"inLanguage\":\"fr-FR\",\"@id\":\"https:\\\/\\\/secure.gravatar.com\\\/avatar\\\/55244ddfeff4d10a2b06e42cb797fe918a336105b82b6f5201a3a07b1e4df8f9?s=96&d=mm&r=g\",\"url\":\"https:\\\/\\\/secure.gravatar.com\\\/avatar\\\/55244ddfeff4d10a2b06e42cb797fe918a336105b82b6f5201a3a07b1e4df8f9?s=96&d=mm&r=g\",\"contentUrl\":\"https:\\\/\\\/secure.gravatar.com\\\/avatar\\\/55244ddfeff4d10a2b06e42cb797fe918a336105b82b6f5201a3a07b1e4df8f9?s=96&d=mm&r=g\",\"caption\":\"Alexandre\"},\"url\":\"https:\\\/\\\/chaletararatmegeve.com\\\/fr\"}]}<\/script>\n<!-- \/ Yoast SEO plugin. -->","yoast_head_json":{"title":"Les restaurants incontournables de Meg\u00e8ve - Chalet Ararat","robots":{"index":"index","follow":"follow","max-snippet":"max-snippet:-1","max-image-preview":"max-image-preview:large","max-video-preview":"max-video-preview:-1"},"canonical":"https:\/\/chaletararatmegeve.com\/fr\/les-restaurants-incontournables-de-megeve\/","og_locale":"fr_FR","og_type":"article","og_title":"Les restaurants incontournables de Meg\u00e8ve - Chalet Ararat","og_description":"Meg\u00e8ve abrite de nombreux restaurants \u00e9toil\u00e9s et autres tables d\u2019exception. D\u00e9couvrez les meilleures adresses dans cet article","og_url":"https:\/\/chaletararatmegeve.com\/fr\/les-restaurants-incontournables-de-megeve\/","og_site_name":"Chalet Ararat","article_published_time":"2025-08-25T07:00:54+00:00","article_modified_time":"2025-08-26T13:43:39+00:00","og_image":[{"width":2560,"height":1703,"url":"https:\/\/chaletararatmegeve.com\/wp-content\/uploads\/2025\/08\/brands-people-iFyLBKmCrmQ-unsplash-scaled.jpg","type":"image\/jpeg"}],"author":"Alexandre","twitter_card":"summary_large_image","twitter_misc":{"\u00c9crit par":"Alexandre","Dur\u00e9e de lecture estim\u00e9e":"6 minutes"},"schema":{"@context":"https:\/\/schema.org","@graph":[{"@type":"Article","@id":"https:\/\/chaletararatmegeve.com\/les-restaurants-incontournables-de-megeve\/#article","isPartOf":{"@id":"https:\/\/chaletararatmegeve.com\/les-restaurants-incontournables-de-megeve\/"},"author":{"name":"Alexandre","@id":"https:\/\/chaletararatmegeve.com\/fr\/#\/schema\/person\/552ec7b445baf03ed62e6c37e77e2a98"},"headline":"Les restaurants incontournables de Meg\u00e8ve","datePublished":"2025-08-25T07:00:54+00:00","dateModified":"2025-08-26T13:43:39+00:00","mainEntityOfPage":{"@id":"https:\/\/chaletararatmegeve.com\/les-restaurants-incontournables-de-megeve\/"},"wordCount":1350,"publisher":{"@id":"https:\/\/chaletararatmegeve.com\/fr\/#organization"},"image":{"@id":"https:\/\/chaletararatmegeve.com\/les-restaurants-incontournables-de-megeve\/#primaryimage"},"thumbnailUrl":"https:\/\/chaletararatmegeve.com\/wp-content\/uploads\/2025\/08\/brands-people-iFyLBKmCrmQ-unsplash-scaled.jpg","articleSection":["Gastronomie"],"inLanguage":"fr-FR"},{"@type":"WebPage","@id":"https:\/\/chaletararatmegeve.com\/les-restaurants-incontournables-de-megeve\/","url":"https:\/\/chaletararatmegeve.com\/les-restaurants-incontournables-de-megeve\/","name":"Les restaurants incontournables de Meg\u00e8ve - Chalet Ararat","isPartOf":{"@id":"https:\/\/chaletararatmegeve.com\/fr\/#website"},"primaryImageOfPage":{"@id":"https:\/\/chaletararatmegeve.com\/les-restaurants-incontournables-de-megeve\/#primaryimage"},"image":{"@id":"https:\/\/chaletararatmegeve.com\/les-restaurants-incontournables-de-megeve\/#primaryimage"},"thumbnailUrl":"https:\/\/chaletararatmegeve.com\/wp-content\/uploads\/2025\/08\/brands-people-iFyLBKmCrmQ-unsplash-scaled.jpg","datePublished":"2025-08-25T07:00:54+00:00","dateModified":"2025-08-26T13:43:39+00:00","breadcrumb":{"@id":"https:\/\/chaletararatmegeve.com\/les-restaurants-incontournables-de-megeve\/#breadcrumb"},"inLanguage":"fr-FR","potentialAction":[{"@type":"ReadAction","target":["https:\/\/chaletararatmegeve.com\/les-restaurants-incontournables-de-megeve\/"]}]},{"@type":"ImageObject","inLanguage":"fr-FR","@id":"https:\/\/chaletararatmegeve.com\/les-restaurants-incontournables-de-megeve\/#primaryimage","url":"https:\/\/chaletararatmegeve.com\/wp-content\/uploads\/2025\/08\/brands-people-iFyLBKmCrmQ-unsplash-scaled.jpg","contentUrl":"https:\/\/chaletararatmegeve.com\/wp-content\/uploads\/2025\/08\/brands-people-iFyLBKmCrmQ-unsplash-scaled.jpg","width":2560,"height":1703},{"@type":"BreadcrumbList","@id":"https:\/\/chaletararatmegeve.com\/les-restaurants-incontournables-de-megeve\/#breadcrumb","itemListElement":[{"@type":"ListItem","position":1,"name":"Accueil","item":"https:\/\/chaletararatmegeve.com\/"},{"@type":"ListItem","position":2,"name":"Les restaurants incontournables de Meg\u00e8ve"}]},{"@type":"WebSite","@id":"https:\/\/chaletararatmegeve.com\/fr\/#website","url":"https:\/\/chaletararatmegeve.com\/fr\/","name":"Chalet Ararat","description":"Luxury Chalet in Meg\u00e8ve","publisher":{"@id":"https:\/\/chaletararatmegeve.com\/fr\/#organization"},"potentialAction":[{"@type":"SearchAction","target":{"@type":"EntryPoint","urlTemplate":"https:\/\/chaletararatmegeve.com\/fr\/?s={search_term_string}"},"query-input":{"@type":"PropertyValueSpecification","valueRequired":true,"valueName":"search_term_string"}}],"inLanguage":"fr-FR"},{"@type":"Organization","@id":"https:\/\/chaletararatmegeve.com\/fr\/#organization","name":"Chalet Ararat","url":"https:\/\/chaletararatmegeve.com\/fr\/","logo":{"@type":"ImageObject","inLanguage":"fr-FR","@id":"https:\/\/chaletararatmegeve.com\/fr\/#\/schema\/logo\/image\/","url":"https:\/\/chaletararatmegeve.com\/wp-content\/uploads\/2024\/05\/chalet-ararat-logotype-or.svg","contentUrl":"https:\/\/chaletararatmegeve.com\/wp-content\/uploads\/2024\/05\/chalet-ararat-logotype-or.svg","width":147,"height":47,"caption":"Chalet Ararat"},"image":{"@id":"https:\/\/chaletararatmegeve.com\/fr\/#\/schema\/logo\/image\/"}},{"@type":"Person","@id":"https:\/\/chaletararatmegeve.com\/fr\/#\/schema\/person\/552ec7b445baf03ed62e6c37e77e2a98","name":"Alexandre","image":{"@type":"ImageObject","inLanguage":"fr-FR","@id":"https:\/\/secure.gravatar.com\/avatar\/55244ddfeff4d10a2b06e42cb797fe918a336105b82b6f5201a3a07b1e4df8f9?s=96&d=mm&r=g","url":"https:\/\/secure.gravatar.com\/avatar\/55244ddfeff4d10a2b06e42cb797fe918a336105b82b6f5201a3a07b1e4df8f9?s=96&d=mm&r=g","contentUrl":"https:\/\/secure.gravatar.com\/avatar\/55244ddfeff4d10a2b06e42cb797fe918a336105b82b6f5201a3a07b1e4df8f9?s=96&d=mm&r=g","caption":"Alexandre"},"url":"https:\/\/chaletararatmegeve.com\/fr"}]}},"_links":{"self":[{"href":"https:\/\/chaletararatmegeve.com\/fr\/wp-json\/wp\/v2\/posts\/2303","targetHints":{"allow":["GET"]}}],"collection":[{"href":"https:\/\/chaletararatmegeve.com\/fr\/wp-json\/wp\/v2\/posts"}],"about":[{"href":"https:\/\/chaletararatmegeve.com\/fr\/wp-json\/wp\/v2\/types\/post"}],"author":[{"embeddable":true,"href":"https:\/\/chaletararatmegeve.com\/fr\/wp-json\/wp\/v2\/users\/6"}],"replies":[{"embeddable":true,"href":"https:\/\/chaletararatmegeve.com\/fr\/wp-json\/wp\/v2\/comments?post=2303"}],"version-history":[{"count":1,"href":"https:\/\/chaletararatmegeve.com\/fr\/wp-json\/wp\/v2\/posts\/2303\/revisions"}],"predecessor-version":[{"id":2304,"href":"https:\/\/chaletararatmegeve.com\/fr\/wp-json\/wp\/v2\/posts\/2303\/revisions\/2304"}],"wp:featuredmedia":[{"embeddable":true,"href":"https:\/\/chaletararatmegeve.com\/fr\/wp-json\/wp\/v2\/media\/2308"}],"wp:attachment":[{"href":"https:\/\/chaletararatmegeve.com\/fr\/wp-json\/wp\/v2\/media?parent=2303"}],"wp:term":[{"taxonomy":"category","embeddable":true,"href":"https:\/\/chaletararatmegeve.com\/fr\/wp-json\/wp\/v2\/categories?post=2303"},{"taxonomy":"post_tag","embeddable":true,"href":"https:\/\/chaletararatmegeve.com\/fr\/wp-json\/wp\/v2\/tags?post=2303"}],"curies":[{"name":"wp","href":"https:\/\/api.w.org\/{rel}","templated":true}]}}