{"id":2472,"date":"2025-10-15T10:39:29","date_gmt":"2025-10-15T08:39:29","guid":{"rendered":"https:\/\/chaletararatmegeve.com\/fr\/?p=2472"},"modified":"2025-10-16T10:40:03","modified_gmt":"2025-10-16T08:40:03","slug":"col-du-bonhomme-et-randonnees-depuis-megeve","status":"publish","type":"post","link":"https:\/\/chaletararatmegeve.com\/fr\/col-du-bonhomme-et-randonnees-depuis-megeve\/","title":{"rendered":"Col du Bonhomme et randonn\u00e9es depuis Meg\u00e8ve"},"content":{"rendered":"<div class=\"automation-post\">\n<h1>Col du Bonhomme et randonn\u00e9es depuis Meg\u00e8ve<\/h1>\n<p>Le <strong>Col du Bonhomme<\/strong> constitue une randonn\u00e9e alpine accessible depuis la r\u00e9gion de Meg\u00e8ve. Culminant \u00e0 <strong>2 329 m\u00e8tres d&rsquo;altitude<\/strong>, ce passage mythique entre la Haute-Savoie et la Savoie offre aux h\u00f4tes du Chalet Ararat une escapade montagnarde d&rsquo;une richesse incomparable.<\/p>\n<h2>Un site charg\u00e9 d&rsquo;histoire au c\u0153ur des Alpes<\/h2>\n<p>Ce col constitue depuis l&rsquo;Antiquit\u00e9 un <strong>passage strat\u00e9gique<\/strong>, fr\u00e9quent\u00e9 par les Romains, les colporteurs, les cristalliers et autres marchands de b\u00e9tail. La <strong>voie romaine<\/strong> qui m\u00e8ne au col t\u00e9moigne encore aujourd&rsquo;hui de cette riche histoire mill\u00e9naire. Avant l&rsquo;invasion romaine, le Val-Montjoie \u00e9tait peupl\u00e9 de <strong>Ceutrons<\/strong>, une tribu celte qui utilisait d\u00e9j\u00e0 ce passage pour le commerce du sel vers Moutiers.<\/p>\n<p>En 1860, lors de l&rsquo;annexion de la Savoie et du Comt\u00e9 de Nice par la France, une zone franche fut instaur\u00e9e et le col en constituait une des limites. Cette position g\u00e9ographique particuli\u00e8re en fait un t\u00e9moin privil\u00e9gi\u00e9 de l&rsquo;\u00e9volution des fronti\u00e8res alpines.<\/p>\n<h2>Une randonn\u00e9e exigeante aux panoramas grandioses<\/h2>\n<h3>Les caract\u00e9ristiques techniques<\/h3>\n<p>La randonn\u00e9e vers le Col du Bonhomme pr\u00e9sente un <strong>niveau de difficult\u00e9 \u00e9lev\u00e9<\/strong> (class\u00e9 noir), avec une dur\u00e9e totale de <strong>6h50 en aller-retour<\/strong> et un <strong>d\u00e9nivel\u00e9 positif de 1 119 m\u00e8tres<\/strong>. Le d\u00e9part s&rsquo;effectue depuis le parking de Notre-Dame de la Gorge aux Contamines-Montjoie, situ\u00e9 \u00e0 environ <strong>45 minutes en voiture<\/strong> de Meg\u00e8ve.<\/p>\n<h3>L&rsquo;itin\u00e9raire et ses points remarquables<\/h3>\n<p>Le sentier d\u00e9marre sur le site de <strong>Notre-Dame de la Gorge<\/strong> et emprunte l&rsquo;ancienne voie romaine. Les randonneurs traversent successivement le <strong>pont naturel<\/strong>, le <strong>Pont Romain<\/strong>, puis remontent vers le tumulus Plan-des-Dame avant d&rsquo;atteindre la table d&rsquo;orientation au Col du Bonhomme.<\/p>\n<p>Le parcours traverse plusieurs refuges qui constituent autant d&rsquo;\u00e9tapes possibles : le <strong>refuge de Nant-Borrant<\/strong>, puis celui de <strong>la Balme<\/strong>. Ces \u00e9tablissements proposent une restauration montagnarde traditionnelle et offrent la possibilit\u00e9 de ponctuer l&rsquo;ascension d&rsquo;une pause r\u00e9confortante.<\/p>\n<h3>Les panoramas depuis le col<\/h3>\n<p>\u00c0 2 300 m\u00e8tres d&rsquo;altitude, le Col du Bonhomme offre un <strong>panorama saisissant<\/strong> sur la <strong>R\u00e9serve Naturelle des Contamines-Montjoie<\/strong> d&rsquo;un c\u00f4t\u00e9 et sur le <strong>Beaufortain<\/strong> de l&rsquo;autre. Cette position privil\u00e9gi\u00e9e permet d&#8217;embrasser du regard une vaste \u00e9tendue de sommets alpins, des glaciers du massif du Mont-Blanc aux cr\u00eates savoyardes.<\/p>\n<h2>Prolongements possibles pour les randonneurs aguerris<\/h2>\n<p>Les marcheurs les plus entra\u00een\u00e9s peuvent poursuivre l&rsquo;aventure en traversant vers la <strong>Croix du Bonhomme<\/strong> (50 minutes suppl\u00e9mentaires) puis en montant au <strong>Col des Fours<\/strong> (30 minutes), qui offre un <strong>panorama \u00e0 360\u00b0<\/strong> avec table d&rsquo;orientation. Cette extension permet d&rsquo;acc\u00e9der \u00e0 des points de vue encore plus spectaculaires sur l&rsquo;ensemble du massif alpin.<\/p>\n<h2>Informations pratiques pour la saison 2025<\/h2>\n<h3>P\u00e9riode d&rsquo;ouverture et conditions<\/h3>\n<p>La randonn\u00e9e est praticable du <strong>15 juin au 31 octobre<\/strong>, sous r\u00e9serve de conditions d&rsquo;enneigement et m\u00e9t\u00e9orologiques favorables. Les conditions d&rsquo;enneigement peuvent persister en altitude jusqu&rsquo;en mai, rendant n\u00e9cessaire un <strong>\u00e9quipement adapt\u00e9<\/strong> pour les sorties de d\u00e9but de saison.<\/p>\n<h3>Acc\u00e8s et stationnement<\/h3>\n<p>Le d\u00e9part s&rsquo;effectue depuis les Contamines-Montjoie, accessible en 45 minutes de route depuis Meg\u00e8ve via la vall\u00e9e de Chamonix. Cette proximit\u00e9 permet aux familles s\u00e9journant en <a href=\"https:\/\/chaletararatmegeve.com\/fr\/\">location de chalet de luxe \u00e0 Meg\u00e8ve<\/a> d&rsquo;organiser facilement cette excursion d&rsquo;une journ\u00e9e. Le parking conseill\u00e9 se situe \u00e0 Notre-Dame de la Gorge, avec un arr\u00eat de navettes du m\u00eame nom pendant la saison estivale.<\/p>\n<h3>R\u00e9glementation et recommandations<\/h3>\n<p>La randonn\u00e9e traverse la R\u00e9serve Naturelle des Contamines-Montjoie, un espace prot\u00e9g\u00e9 de 5 500 hectares. Les chiens doivent obligatoirement \u00eatre tenus en laisse en raison de la pr\u00e9sence de troupeaux et de chiens de protection. Pour des informations d\u00e9taill\u00e9es sur les conditions de randonn\u00e9e et la m\u00e9t\u00e9o en montagne, consultez le site officiel de <a href=\"https:\/\/meteofrance.com\/meteo-montagne\/alpes-du-nord\" target=\"_blank\" rel=\"noopener\">M\u00e9t\u00e9o France<\/a>.<\/p>\n<h2>Autres d\u00e9couvertes depuis Notre-Dame de la Gorge<\/h2>\n<p>Le point de d\u00e9part du Col du Bonhomme offre \u00e9galement l&rsquo;acc\u00e8s \u00e0 d&rsquo;autres randonn\u00e9es remarquables qui peuvent compl\u00e9ter votre s\u00e9jour dans la r\u00e9gion.<\/p>\n<h3>Les lacs Jovet<\/h3>\n<p>Les <strong>lacs Jovet<\/strong> constituent une alternative ou un compl\u00e9ment au Col du Bonhomme. Cette randonn\u00e9e de <strong>6 heures<\/strong> (aller-retour) pr\u00e9sente un d\u00e9nivel\u00e9 positif de 998 m\u00e8tres et m\u00e8ne \u00e0 deux lacs d&rsquo;altitude situ\u00e9s \u00e0 <strong>2 172 et 2 194 m\u00e8tres<\/strong>. Le parcours emprunte le m\u00eame sentier que celui du Col du Bonhomme jusqu&rsquo;aux chalets de Jovet, avant de bifurquer vers ces lacs situ\u00e9s au pied du <strong>Mont Tondu<\/strong> (3 196 m\u00e8tres).<\/p>\n<p>La r\u00e9glementation de 2025 pr\u00e9voit que le <strong>bivouac aux lacs Jovet<\/strong> est strictement interdit du 1er juillet au 31 ao\u00fbt. La <strong>baignade reste interdite<\/strong> aux randonneurs et aux animaux de compagnie tout au long de l&rsquo;ann\u00e9e. Ces mesures visent \u00e0 pr\u00e9server l&rsquo;\u00e9cosyst\u00e8me fragile de ces lacs d&rsquo;altitude.<\/p>\n<h3>La cascade de Combe Noire<\/h3>\n<p>Pour les familles ou les marcheurs souhaitant <strong>une sortie plus accessible<\/strong>, la cascade de Combe Noire offre une randonn\u00e9e de <strong>niveau moyen d&rsquo;1h50 aller-retour avec 271 m\u00e8tres de d\u00e9nivel\u00e9 positif<\/strong>. Situ\u00e9e dans la for\u00eat de la Laya au c\u0153ur de la R\u00e9serve Naturelle, cette cascade pr\u00e9sente un cadre forestier pr\u00e9serv\u00e9.<\/p>\n<h3>Les refuges de montagne<\/h3>\n<p>Plusieurs refuges jalonnent ces itin\u00e9raires et constituent des \u00e9tapes appr\u00e9ciables :<\/p>\n<ul>\n<li><strong>Le refuge de Nant-Borrant<\/strong> : Premier refuge rencontr\u00e9 sur la voie romaine, il propose une restauration montagnarde dans un cadre pastoral.<\/li>\n<li><strong>Le refuge de la Balme<\/strong> : Situ\u00e9 \u00e0 1 706 m\u00e8tres d&rsquo;altitude, il constitue une \u00e9tape strat\u00e9gique pour les randonn\u00e9es vers le Col du Bonhomme ou les lacs Jovet.<\/li>\n<li><strong>Le refuge des Pr\u00e9s<\/strong> : Reconstruit en 2021, ce refuge de 30 places situ\u00e9 \u00e0 1 933 m\u00e8tres d&rsquo;altitude se trouve au pied de la T\u00eate de la Cicle. Il constitue une \u00e9tape du Tour du Mont-Blanc et du GR5.<\/li>\n<\/ul>\n<p>Ces \u00e9tablissements proposent des formules de demi-pension et permettent d&rsquo;organiser des randonn\u00e9es sur plusieurs jours dans la r\u00e9serve naturelle.<\/p>\n<h3>Autres escapades nature depuis votre chalet<\/h3>\n<p>La position privil\u00e9gi\u00e9e du Chalet Ararat \u00e0 Meg\u00e8ve permet \u00e9galement d&rsquo;explorer d&rsquo;autres sites naturels remarquables de la r\u00e9gion :<\/p>\n<ul>\n<li><strong>Le lac Bleu de Chamonix<\/strong> : Une randonn\u00e9e familiale accessible en moins d&rsquo;une heure depuis Meg\u00e8ve, offrant un cadre paisible au pied des glaciers.<\/li>\n<li><strong>Le col de la Forclaz<\/strong> : Passage embl\u00e9matique du Beaufortain accessible depuis Meg\u00e8ve, r\u00e9put\u00e9 pour ses panoramas sur la cha\u00eene du Mont-Blanc et ses alpages traditionnels.<\/li>\n<li><strong>Le lac Vert de Passy<\/strong> : Situ\u00e9 \u00e0 proximit\u00e9 de votre chalet, ce lac d&rsquo;altitude offre une randonn\u00e9e plus courte mais tout aussi gratifiante, id\u00e9ale pour une demi-journ\u00e9e d&rsquo;\u00e9vasion.<\/li>\n<li><strong>Le col de la Madeleine<\/strong> : Point de passage historique entre Tarentaise et Maurienne, accessible pour une excursion d&rsquo;une journ\u00e9e avec des vues panoramiques sur les massifs environnants.<\/li>\n<\/ul>\n<h2>De Meg\u00e8ve jusqu\u2019au Col du Bonhomme<\/h2>\n<p>Cette <strong>randonn\u00e9e d&rsquo;envergure<\/strong> s&rsquo;int\u00e8gre parfaitement dans un s\u00e9jour au Chalet Ararat. Elle permet aux familles et groupes d&rsquo;amis de d\u00e9couvrir la haute montagne alpine dans un cadre pr\u00e9serv\u00e9, tout en b\u00e9n\u00e9ficiant du confort et de la situation privil\u00e9gi\u00e9e du chalet comme point de d\u00e9part.<\/p>\n<p>La proximit\u00e9 de Meg\u00e8ve avec les Contamines-Montjoie facilite l&rsquo;organisation de cette escapade, qui peut constituer l&rsquo;un des temps forts d&rsquo;un s\u00e9jour dans la r\u00e9gion.<\/p>\n<p>La richesse historique, la beaut\u00e9 des paysages et l&rsquo;exigence physique de cette randonn\u00e9e en font une exp\u00e9rience marquante, parfaitement compl\u00e9mentaire aux plaisirs plus contemplatifs qu&rsquo;offre la station de Meg\u00e8ve et ses environs imm\u00e9diats.<\/p>\n<p><em>Article mis \u00e0 jour pour la saison 2025. Les conditions m\u00e9t\u00e9orologiques et d&rsquo;enneigement peuvent \u00e9voluer rapidement en montagne. Il est recommand\u00e9 de consulter les bulletins m\u00e9t\u00e9orologiques et de s&rsquo;informer aupr\u00e8s des offices de tourisme locaux avant toute sortie.<\/em><\/p>\n<p><!-- notionvc: d5b9ce53-a1c9-46ea-950a-d251cd5d513d --><\/p>\n<\/div>\n","protected":false},"excerpt":{"rendered":"<p>Marcheurs aguerris, d\u00e9couvrez sans plus attendre le Col du Bonhomme et ses panoramas \u00e9epoustoufflants. Une ascension rude mais qui vaut le d\u00e9tour. D\u2019autres sentiers plus accessibles sont faisables pour les d\u00e9butants et familles<\/p>\n","protected":false},"author":6,"featured_media":2471,"comment_status":"closed","ping_status":"open","sticky":false,"template":"","format":"standard","meta":{"footnotes":""},"categories":[36],"tags":[],"class_list":["post-2472","post","type-post","status-publish","format-standard","has-post-thumbnail","hentry","category-randonnee"],"yoast_head":"<!-- This site is optimized with the Yoast SEO plugin v27.3 - https:\/\/yoast.com\/product\/yoast-seo-wordpress\/ -->\n<title>Col du Bonhomme et randonn\u00e9es depuis Meg\u00e8ve - Chalet Ararat<\/title>\n<meta name=\"robots\" content=\"index, follow, max-snippet:-1, max-image-preview:large, max-video-preview:-1\" \/>\n<link rel=\"canonical\" href=\"https:\/\/chaletararatmegeve.com\/fr\/col-du-bonhomme-et-randonnees-depuis-megeve\/\" \/>\n<meta property=\"og:locale\" content=\"fr_FR\" \/>\n<meta property=\"og:type\" content=\"article\" \/>\n<meta property=\"og:title\" content=\"Col du Bonhomme et randonn\u00e9es depuis Meg\u00e8ve - Chalet Ararat\" \/>\n<meta property=\"og:description\" content=\"Marcheurs aguerris, d\u00e9couvrez sans plus attendre le Col du Bonhomme et ses panoramas \u00e9epoustoufflants. Une ascension rude mais qui vaut le d\u00e9tour. D\u2019autres sentiers plus accessibles sont faisables pour les d\u00e9butants et familles\" \/>\n<meta property=\"og:url\" content=\"https:\/\/chaletararatmegeve.com\/fr\/col-du-bonhomme-et-randonnees-depuis-megeve\/\" \/>\n<meta property=\"og:site_name\" content=\"Chalet Ararat\" \/>\n<meta property=\"article:published_time\" content=\"2025-10-15T08:39:29+00:00\" \/>\n<meta property=\"article:modified_time\" content=\"2025-10-16T08:40:03+00:00\" \/>\n<meta property=\"og:image\" content=\"https:\/\/chaletararatmegeve.com\/wp-content\/uploads\/2025\/10\/file-2.webp\" \/>\n\t<meta property=\"og:image:width\" content=\"1920\" \/>\n\t<meta property=\"og:image:height\" content=\"1440\" \/>\n\t<meta property=\"og:image:type\" content=\"image\/webp\" \/>\n<meta name=\"author\" content=\"Alexandre\" \/>\n<meta name=\"twitter:card\" content=\"summary_large_image\" \/>\n<meta name=\"twitter:label1\" content=\"\u00c9crit par\" \/>\n\t<meta name=\"twitter:data1\" content=\"Alexandre\" \/>\n\t<meta name=\"twitter:label2\" content=\"Dur\u00e9e de lecture estim\u00e9e\" \/>\n\t<meta name=\"twitter:data2\" content=\"6 minutes\" \/>\n<script type=\"application\/ld+json\" class=\"yoast-schema-graph\">{\"@context\":\"https:\\\/\\\/schema.org\",\"@graph\":[{\"@type\":\"Article\",\"@id\":\"https:\\\/\\\/chaletararatmegeve.com\\\/col-du-bonhomme-et-randonnees-depuis-megeve\\\/#article\",\"isPartOf\":{\"@id\":\"https:\\\/\\\/chaletararatmegeve.com\\\/col-du-bonhomme-et-randonnees-depuis-megeve\\\/\"},\"author\":{\"name\":\"Alexandre\",\"@id\":\"https:\\\/\\\/chaletararatmegeve.com\\\/fr\\\/#\\\/schema\\\/person\\\/552ec7b445baf03ed62e6c37e77e2a98\"},\"headline\":\"Col du Bonhomme et randonn\u00e9es depuis Meg\u00e8ve\",\"datePublished\":\"2025-10-15T08:39:29+00:00\",\"dateModified\":\"2025-10-16T08:40:03+00:00\",\"mainEntityOfPage\":{\"@id\":\"https:\\\/\\\/chaletararatmegeve.com\\\/col-du-bonhomme-et-randonnees-depuis-megeve\\\/\"},\"wordCount\":1355,\"publisher\":{\"@id\":\"https:\\\/\\\/chaletararatmegeve.com\\\/fr\\\/#organization\"},\"image\":{\"@id\":\"https:\\\/\\\/chaletararatmegeve.com\\\/col-du-bonhomme-et-randonnees-depuis-megeve\\\/#primaryimage\"},\"thumbnailUrl\":\"https:\\\/\\\/chaletararatmegeve.com\\\/wp-content\\\/uploads\\\/2025\\\/10\\\/file-2.webp\",\"articleSection\":[\"Randonn\u00e9e\"],\"inLanguage\":\"fr-FR\"},{\"@type\":\"WebPage\",\"@id\":\"https:\\\/\\\/chaletararatmegeve.com\\\/col-du-bonhomme-et-randonnees-depuis-megeve\\\/\",\"url\":\"https:\\\/\\\/chaletararatmegeve.com\\\/col-du-bonhomme-et-randonnees-depuis-megeve\\\/\",\"name\":\"Col du Bonhomme et randonn\u00e9es depuis Meg\u00e8ve - Chalet Ararat\",\"isPartOf\":{\"@id\":\"https:\\\/\\\/chaletararatmegeve.com\\\/fr\\\/#website\"},\"primaryImageOfPage\":{\"@id\":\"https:\\\/\\\/chaletararatmegeve.com\\\/col-du-bonhomme-et-randonnees-depuis-megeve\\\/#primaryimage\"},\"image\":{\"@id\":\"https:\\\/\\\/chaletararatmegeve.com\\\/col-du-bonhomme-et-randonnees-depuis-megeve\\\/#primaryimage\"},\"thumbnailUrl\":\"https:\\\/\\\/chaletararatmegeve.com\\\/wp-content\\\/uploads\\\/2025\\\/10\\\/file-2.webp\",\"datePublished\":\"2025-10-15T08:39:29+00:00\",\"dateModified\":\"2025-10-16T08:40:03+00:00\",\"breadcrumb\":{\"@id\":\"https:\\\/\\\/chaletararatmegeve.com\\\/col-du-bonhomme-et-randonnees-depuis-megeve\\\/#breadcrumb\"},\"inLanguage\":\"fr-FR\",\"potentialAction\":[{\"@type\":\"ReadAction\",\"target\":[\"https:\\\/\\\/chaletararatmegeve.com\\\/col-du-bonhomme-et-randonnees-depuis-megeve\\\/\"]}]},{\"@type\":\"ImageObject\",\"inLanguage\":\"fr-FR\",\"@id\":\"https:\\\/\\\/chaletararatmegeve.com\\\/col-du-bonhomme-et-randonnees-depuis-megeve\\\/#primaryimage\",\"url\":\"https:\\\/\\\/chaletararatmegeve.com\\\/wp-content\\\/uploads\\\/2025\\\/10\\\/file-2.webp\",\"contentUrl\":\"https:\\\/\\\/chaletararatmegeve.com\\\/wp-content\\\/uploads\\\/2025\\\/10\\\/file-2.webp\",\"width\":1920,\"height\":1440,\"caption\":\"Chalet Ararat - chaletararatmegeve.com - Blog - Col du Bonhomme et randonn\u00e9es depuis Meg\u00e8ve.webp\"},{\"@type\":\"BreadcrumbList\",\"@id\":\"https:\\\/\\\/chaletararatmegeve.com\\\/col-du-bonhomme-et-randonnees-depuis-megeve\\\/#breadcrumb\",\"itemListElement\":[{\"@type\":\"ListItem\",\"position\":1,\"name\":\"Accueil\",\"item\":\"https:\\\/\\\/chaletararatmegeve.com\\\/\"},{\"@type\":\"ListItem\",\"position\":2,\"name\":\"Col du Bonhomme et randonn\u00e9es depuis Meg\u00e8ve\"}]},{\"@type\":\"WebSite\",\"@id\":\"https:\\\/\\\/chaletararatmegeve.com\\\/fr\\\/#website\",\"url\":\"https:\\\/\\\/chaletararatmegeve.com\\\/fr\\\/\",\"name\":\"Chalet Ararat\",\"description\":\"Luxury Chalet in Meg\u00e8ve\",\"publisher\":{\"@id\":\"https:\\\/\\\/chaletararatmegeve.com\\\/fr\\\/#organization\"},\"potentialAction\":[{\"@type\":\"SearchAction\",\"target\":{\"@type\":\"EntryPoint\",\"urlTemplate\":\"https:\\\/\\\/chaletararatmegeve.com\\\/fr\\\/?s={search_term_string}\"},\"query-input\":{\"@type\":\"PropertyValueSpecification\",\"valueRequired\":true,\"valueName\":\"search_term_string\"}}],\"inLanguage\":\"fr-FR\"},{\"@type\":\"Organization\",\"@id\":\"https:\\\/\\\/chaletararatmegeve.com\\\/fr\\\/#organization\",\"name\":\"Chalet Ararat\",\"url\":\"https:\\\/\\\/chaletararatmegeve.com\\\/fr\\\/\",\"logo\":{\"@type\":\"ImageObject\",\"inLanguage\":\"fr-FR\",\"@id\":\"https:\\\/\\\/chaletararatmegeve.com\\\/fr\\\/#\\\/schema\\\/logo\\\/image\\\/\",\"url\":\"https:\\\/\\\/chaletararatmegeve.com\\\/wp-content\\\/uploads\\\/2024\\\/05\\\/chalet-ararat-logotype-or.svg\",\"contentUrl\":\"https:\\\/\\\/chaletararatmegeve.com\\\/wp-content\\\/uploads\\\/2024\\\/05\\\/chalet-ararat-logotype-or.svg\",\"width\":147,\"height\":47,\"caption\":\"Chalet Ararat\"},\"image\":{\"@id\":\"https:\\\/\\\/chaletararatmegeve.com\\\/fr\\\/#\\\/schema\\\/logo\\\/image\\\/\"}},{\"@type\":\"Person\",\"@id\":\"https:\\\/\\\/chaletararatmegeve.com\\\/fr\\\/#\\\/schema\\\/person\\\/552ec7b445baf03ed62e6c37e77e2a98\",\"name\":\"Alexandre\",\"image\":{\"@type\":\"ImageObject\",\"inLanguage\":\"fr-FR\",\"@id\":\"https:\\\/\\\/secure.gravatar.com\\\/avatar\\\/55244ddfeff4d10a2b06e42cb797fe918a336105b82b6f5201a3a07b1e4df8f9?s=96&d=mm&r=g\",\"url\":\"https:\\\/\\\/secure.gravatar.com\\\/avatar\\\/55244ddfeff4d10a2b06e42cb797fe918a336105b82b6f5201a3a07b1e4df8f9?s=96&d=mm&r=g\",\"contentUrl\":\"https:\\\/\\\/secure.gravatar.com\\\/avatar\\\/55244ddfeff4d10a2b06e42cb797fe918a336105b82b6f5201a3a07b1e4df8f9?s=96&d=mm&r=g\",\"caption\":\"Alexandre\"},\"url\":\"https:\\\/\\\/chaletararatmegeve.com\\\/fr\"}]}<\/script>\n<!-- \/ Yoast SEO plugin. -->","yoast_head_json":{"title":"Col du Bonhomme et randonn\u00e9es depuis Meg\u00e8ve - Chalet Ararat","robots":{"index":"index","follow":"follow","max-snippet":"max-snippet:-1","max-image-preview":"max-image-preview:large","max-video-preview":"max-video-preview:-1"},"canonical":"https:\/\/chaletararatmegeve.com\/fr\/col-du-bonhomme-et-randonnees-depuis-megeve\/","og_locale":"fr_FR","og_type":"article","og_title":"Col du Bonhomme et randonn\u00e9es depuis Meg\u00e8ve - Chalet Ararat","og_description":"Marcheurs aguerris, d\u00e9couvrez sans plus attendre le Col du Bonhomme et ses panoramas \u00e9epoustoufflants. Une ascension rude mais qui vaut le d\u00e9tour. D\u2019autres sentiers plus accessibles sont faisables pour les d\u00e9butants et familles","og_url":"https:\/\/chaletararatmegeve.com\/fr\/col-du-bonhomme-et-randonnees-depuis-megeve\/","og_site_name":"Chalet Ararat","article_published_time":"2025-10-15T08:39:29+00:00","article_modified_time":"2025-10-16T08:40:03+00:00","og_image":[{"width":1920,"height":1440,"url":"https:\/\/chaletararatmegeve.com\/wp-content\/uploads\/2025\/10\/file-2.webp","type":"image\/webp"}],"author":"Alexandre","twitter_card":"summary_large_image","twitter_misc":{"\u00c9crit par":"Alexandre","Dur\u00e9e de lecture estim\u00e9e":"6 minutes"},"schema":{"@context":"https:\/\/schema.org","@graph":[{"@type":"Article","@id":"https:\/\/chaletararatmegeve.com\/col-du-bonhomme-et-randonnees-depuis-megeve\/#article","isPartOf":{"@id":"https:\/\/chaletararatmegeve.com\/col-du-bonhomme-et-randonnees-depuis-megeve\/"},"author":{"name":"Alexandre","@id":"https:\/\/chaletararatmegeve.com\/fr\/#\/schema\/person\/552ec7b445baf03ed62e6c37e77e2a98"},"headline":"Col du Bonhomme et randonn\u00e9es depuis Meg\u00e8ve","datePublished":"2025-10-15T08:39:29+00:00","dateModified":"2025-10-16T08:40:03+00:00","mainEntityOfPage":{"@id":"https:\/\/chaletararatmegeve.com\/col-du-bonhomme-et-randonnees-depuis-megeve\/"},"wordCount":1355,"publisher":{"@id":"https:\/\/chaletararatmegeve.com\/fr\/#organization"},"image":{"@id":"https:\/\/chaletararatmegeve.com\/col-du-bonhomme-et-randonnees-depuis-megeve\/#primaryimage"},"thumbnailUrl":"https:\/\/chaletararatmegeve.com\/wp-content\/uploads\/2025\/10\/file-2.webp","articleSection":["Randonn\u00e9e"],"inLanguage":"fr-FR"},{"@type":"WebPage","@id":"https:\/\/chaletararatmegeve.com\/col-du-bonhomme-et-randonnees-depuis-megeve\/","url":"https:\/\/chaletararatmegeve.com\/col-du-bonhomme-et-randonnees-depuis-megeve\/","name":"Col du Bonhomme et randonn\u00e9es depuis Meg\u00e8ve - Chalet Ararat","isPartOf":{"@id":"https:\/\/chaletararatmegeve.com\/fr\/#website"},"primaryImageOfPage":{"@id":"https:\/\/chaletararatmegeve.com\/col-du-bonhomme-et-randonnees-depuis-megeve\/#primaryimage"},"image":{"@id":"https:\/\/chaletararatmegeve.com\/col-du-bonhomme-et-randonnees-depuis-megeve\/#primaryimage"},"thumbnailUrl":"https:\/\/chaletararatmegeve.com\/wp-content\/uploads\/2025\/10\/file-2.webp","datePublished":"2025-10-15T08:39:29+00:00","dateModified":"2025-10-16T08:40:03+00:00","breadcrumb":{"@id":"https:\/\/chaletararatmegeve.com\/col-du-bonhomme-et-randonnees-depuis-megeve\/#breadcrumb"},"inLanguage":"fr-FR","potentialAction":[{"@type":"ReadAction","target":["https:\/\/chaletararatmegeve.com\/col-du-bonhomme-et-randonnees-depuis-megeve\/"]}]},{"@type":"ImageObject","inLanguage":"fr-FR","@id":"https:\/\/chaletararatmegeve.com\/col-du-bonhomme-et-randonnees-depuis-megeve\/#primaryimage","url":"https:\/\/chaletararatmegeve.com\/wp-content\/uploads\/2025\/10\/file-2.webp","contentUrl":"https:\/\/chaletararatmegeve.com\/wp-content\/uploads\/2025\/10\/file-2.webp","width":1920,"height":1440,"caption":"Chalet Ararat - chaletararatmegeve.com - Blog - Col du Bonhomme et randonn\u00e9es depuis Meg\u00e8ve.webp"},{"@type":"BreadcrumbList","@id":"https:\/\/chaletararatmegeve.com\/col-du-bonhomme-et-randonnees-depuis-megeve\/#breadcrumb","itemListElement":[{"@type":"ListItem","position":1,"name":"Accueil","item":"https:\/\/chaletararatmegeve.com\/"},{"@type":"ListItem","position":2,"name":"Col du Bonhomme et randonn\u00e9es depuis Meg\u00e8ve"}]},{"@type":"WebSite","@id":"https:\/\/chaletararatmegeve.com\/fr\/#website","url":"https:\/\/chaletararatmegeve.com\/fr\/","name":"Chalet Ararat","description":"Luxury Chalet in Meg\u00e8ve","publisher":{"@id":"https:\/\/chaletararatmegeve.com\/fr\/#organization"},"potentialAction":[{"@type":"SearchAction","target":{"@type":"EntryPoint","urlTemplate":"https:\/\/chaletararatmegeve.com\/fr\/?s={search_term_string}"},"query-input":{"@type":"PropertyValueSpecification","valueRequired":true,"valueName":"search_term_string"}}],"inLanguage":"fr-FR"},{"@type":"Organization","@id":"https:\/\/chaletararatmegeve.com\/fr\/#organization","name":"Chalet Ararat","url":"https:\/\/chaletararatmegeve.com\/fr\/","logo":{"@type":"ImageObject","inLanguage":"fr-FR","@id":"https:\/\/chaletararatmegeve.com\/fr\/#\/schema\/logo\/image\/","url":"https:\/\/chaletararatmegeve.com\/wp-content\/uploads\/2024\/05\/chalet-ararat-logotype-or.svg","contentUrl":"https:\/\/chaletararatmegeve.com\/wp-content\/uploads\/2024\/05\/chalet-ararat-logotype-or.svg","width":147,"height":47,"caption":"Chalet Ararat"},"image":{"@id":"https:\/\/chaletararatmegeve.com\/fr\/#\/schema\/logo\/image\/"}},{"@type":"Person","@id":"https:\/\/chaletararatmegeve.com\/fr\/#\/schema\/person\/552ec7b445baf03ed62e6c37e77e2a98","name":"Alexandre","image":{"@type":"ImageObject","inLanguage":"fr-FR","@id":"https:\/\/secure.gravatar.com\/avatar\/55244ddfeff4d10a2b06e42cb797fe918a336105b82b6f5201a3a07b1e4df8f9?s=96&d=mm&r=g","url":"https:\/\/secure.gravatar.com\/avatar\/55244ddfeff4d10a2b06e42cb797fe918a336105b82b6f5201a3a07b1e4df8f9?s=96&d=mm&r=g","contentUrl":"https:\/\/secure.gravatar.com\/avatar\/55244ddfeff4d10a2b06e42cb797fe918a336105b82b6f5201a3a07b1e4df8f9?s=96&d=mm&r=g","caption":"Alexandre"},"url":"https:\/\/chaletararatmegeve.com\/fr"}]}},"_links":{"self":[{"href":"https:\/\/chaletararatmegeve.com\/fr\/wp-json\/wp\/v2\/posts\/2472","targetHints":{"allow":["GET"]}}],"collection":[{"href":"https:\/\/chaletararatmegeve.com\/fr\/wp-json\/wp\/v2\/posts"}],"about":[{"href":"https:\/\/chaletararatmegeve.com\/fr\/wp-json\/wp\/v2\/types\/post"}],"author":[{"embeddable":true,"href":"https:\/\/chaletararatmegeve.com\/fr\/wp-json\/wp\/v2\/users\/6"}],"replies":[{"embeddable":true,"href":"https:\/\/chaletararatmegeve.com\/fr\/wp-json\/wp\/v2\/comments?post=2472"}],"version-history":[{"count":2,"href":"https:\/\/chaletararatmegeve.com\/fr\/wp-json\/wp\/v2\/posts\/2472\/revisions"}],"predecessor-version":[{"id":2474,"href":"https:\/\/chaletararatmegeve.com\/fr\/wp-json\/wp\/v2\/posts\/2472\/revisions\/2474"}],"wp:featuredmedia":[{"embeddable":true,"href":"https:\/\/chaletararatmegeve.com\/fr\/wp-json\/wp\/v2\/media\/2471"}],"wp:attachment":[{"href":"https:\/\/chaletararatmegeve.com\/fr\/wp-json\/wp\/v2\/media?parent=2472"}],"wp:term":[{"taxonomy":"category","embeddable":true,"href":"https:\/\/chaletararatmegeve.com\/fr\/wp-json\/wp\/v2\/categories?post=2472"},{"taxonomy":"post_tag","embeddable":true,"href":"https:\/\/chaletararatmegeve.com\/fr\/wp-json\/wp\/v2\/tags?post=2472"}],"curies":[{"name":"wp","href":"https:\/\/api.w.org\/{rel}","templated":true}]}}