{"id":2530,"date":"2026-01-23T09:12:33","date_gmt":"2026-01-23T08:12:33","guid":{"rendered":"https:\/\/chaletararatmegeve.com\/fr\/?p=2530"},"modified":"2026-01-23T09:12:33","modified_gmt":"2026-01-23T08:12:33","slug":"louer-un-chalet-de-luxe-pour-12-personnes-a-megeve","status":"publish","type":"post","link":"https:\/\/chaletararatmegeve.com\/fr\/louer-un-chalet-de-luxe-pour-12-personnes-a-megeve\/","title":{"rendered":"Louer un chalet de luxe pour 12 personnes \u00e0 Meg\u00e8ve"},"content":{"rendered":"<div class=\"automation-post\">\n<h1 id=\"comment-choisir-un-chalet-de-luxe-pour-12-personnes-meg-ve\">Comment choisir un chalet de luxe pour 12 personnes \u00e0 Meg\u00e8ve<\/h1>\n<p>Vous cherchez le lieu parfait pour r\u00e9unir votre tribu ? Meg\u00e8ve et ses environs offrent des chalets exceptionnels pour des vacances en groupe inoubliables. Opter pour une location chalet de luxe 12 personnes \u00e0 Meg\u00e8ve, c&rsquo;est choisir l&rsquo;espace, le confort et la libert\u00e9, sans les contraintes de l&rsquo;h\u00f4tel.<\/p>\n<p>Voici tout ce qu&rsquo;il faut savoir pour organiser <strong>votre s\u00e9jour en famille ou entres amis<\/strong>.<\/p>\n<h2 id=\"pourquoi-choisir-un-chalet-de-luxe-pour-12-personnes-\">Pourquoi choisir un chalet de luxe pour 12 personnes ?<\/h2>\n<h3 id=\"de-l-espace-pour-tout-le-monde\">De l&rsquo;espace pour tout le monde<\/h3>\n<p>Avec <strong>six \u00e0 huit chambres<\/strong> et des salles de bains privatives, chacun dispose de son petit cocon. Plus besoin de faire la queue pour la douche le matin ! Les espaces communs g\u00e9n\u00e9reux permettent de se retrouver tous ensemble pour les repas et les soir\u00e9es, tandis que les chambres offrent l&rsquo;intimit\u00e9 n\u00e9cessaire quand on a besoin de calme.<\/p>\n<h3 id=\"le-charme-de-la-montagne\">Le charme de la montagne<\/h3>\n<p>Les chalets de Meg\u00e8ve ont cette <strong>architecture savoyarde authentique<\/strong> qu&rsquo;on aime tant : bois patin\u00e9, grandes baies vitr\u00e9es, vue sur le Mont-Blanc. Au Chalet Ararat par exemple, avec ses 7 suites, vous profitez de cet \u00e9quilibre parfait entre tradition (le bois) et le confort moderne. Et cerise sur le g\u00e2teau : <strong>le spa, la piscine chauff\u00e9e, et m\u00eame une vraie salle de cin\u00e9ma pour les soir\u00e9es film.<\/strong><\/p>\n<h3 id=\"des-services-qui-changent-tout\">Des services qui changent tout<\/h3>\n<p>Dans les chalets de luxe, la conciergerie s&rsquo;occupe de tout avant m\u00eame votre arriv\u00e9e : <strong>r\u00e9servations au restaurant, location de mat\u00e9riel de ski, courses selon vos go\u00fbts<\/strong>.<\/p>\n<p>Vous voulez un chef \u00e0 domicile ? C&rsquo;est possible. Un brunch du dimanche avec viennoiseries fra\u00eeches et saumon fum\u00e9, une fondue savoyarde avec les meilleurs fromages locaux, ou un d\u00eener gastronomique en six services&#8230; <strong>Le chef g\u00e8re tout<\/strong>, de l&rsquo;approvisionnement au nettoyage de la cuisine.<\/p>\n<h2 id=\"o-louer-votre-chalet-\">O\u00f9 louer votre chalet ?<\/h2>\n<h3 id=\"deux-solutions-s-offrent-vous-dans-meg-ve-ou-aux-alentours-\">Deux solutions s\u2019offrent \u00e0 vous : dans Meg\u00e8ve, ou aux alentours.<\/h3>\n<h3 id=\"meg-ve-et-ses-quartiers\">Meg\u00e8ve et ses quartiers<\/h3>\n<p>Rochebrune vous offre le calme et le soleil toute la journ\u00e9e, avec certains chalets ski-in\/ski-out. Le Mont d&rsquo;Arbois, c&rsquo;est le prestige et les grands terrains. Pr\u00e8s du centre-ville, vous \u00eates \u00e0 deux pas des boutiques et restaurants. Et le Jaillet s\u00e9duit par ses panoramas \u00e0 360 degr\u00e9s.<\/p>\n<h3 id=\"combloux-la-p-pite-d-couvrir\">Combloux, la p\u00e9pite \u00e0 d\u00e9couvrir<\/h3>\n<p>\u00c0 dix minutes de Meg\u00e8ve, <a href=\"https:\/\/chaletararatmegeve.com\/fr\/les-evenements-incontournables-a-combloux-en-hiver-et-en-ete\/\">Combloux m\u00e9rite vraiment le d\u00e9tour<\/a>. Surnomm\u00e9 \u00ab\u00a0la perle du Mont-Blanc\u00a0\u00bb, ce village authentique combine tranquillit\u00e9 et proximit\u00e9 imm\u00e9diate des pistes. <strong>Les chalets y b\u00e9n\u00e9ficient de plus d&rsquo;espace<\/strong> et d&rsquo;une vue exceptionnelle. C&rsquo;est l\u00e0 que se trouve notre Chalet Ararat, parfaitement positionn\u00e9 pour profiter de Meg\u00e8ve tout en \u00e9chappant \u00e0 l&rsquo;agitation.<\/p>\n<h2 id=\"vos-vacances-tout-au-long-de-l-ann-e\">Vos vacances tout au long de l\u2019ann\u00e9e<\/h2>\n<h3 id=\"l-hiver-le-ski-et-tant-d-autres-activit-s\">L&rsquo;hiver, le ski et tant d\u2019autres activit\u00e9s<\/h3>\n<p>Bien s\u00fbr, il y a les 445 kilom\u00e8tres de pistes du domaine Evasion Mont-Blanc. Mais aussi les raquettes sur le plateau de Beauregard, le tra\u00eeneau \u00e0 chiens, la motoneige, le patinage \u00e0 la patinoire olympique. Pour ceux qui pr\u00e9f\u00e8rent la douceur, les promenades en for\u00eat ou les ateliers de sculpture sur glace sont tout aussi agr\u00e9ables.<\/p>\n<h3 id=\"l-t-la-montagne-autrement\">L&rsquo;\u00e9t\u00e9, la montagne autrement<\/h3>\n<p>Le golf du Mont d&rsquo;Arbois, 300 kilom\u00e8tres de sentiers de randonn\u00e9e, du VTT, du parapente&#8230; L&rsquo;\u00e9t\u00e9 \u00e0 Meg\u00e8ve, c&rsquo;est aussi visiter les fermes d&rsquo;alpage, prendre un cours de cuisine savoyarde, ou simplement se balader \u00e0 cheval dans les for\u00eats.<\/p>\n<h3 id=\"les-bons-restaurants\">Les bons restaurants<\/h3>\n<p>R\u00e9server une table pour douze au Flocons de Sel (trois \u00e9toiles Michelin) ou \u00e0 La Sauvageonne, c&rsquo;est l&rsquo;assurance d&rsquo;un moment exceptionnel. Il y a de <a href=\"https:\/\/chaletararatmegeve.com\/fr\/les-restaurants-incontournables-de-megeve\/\">tr\u00e8s bons restaurants<\/a> \u00e0 Meg\u00e8ve !<\/p>\n<p>Mais honn\u00eatement, une raclette dans votre chalet avec de bons fromages locaux peut \u00eatre tout aussi m\u00e9morable. C&rsquo;est \u00e7a aussi, le luxe d&rsquo;un chalet priv\u00e9 : faire ce qui vous pla\u00eet, quand vous voulez.<\/p>\n<h3 id=\"les-moments-au-chalet\">Les moments au chalet<\/h3>\n<p>L&rsquo;apr\u00e8s-ski au coin du feu avec un vin chaud, une s\u00e9ance spa en fin d&rsquo;apr\u00e8s-midi, un film le soir sous les plaids&#8230; Ces moments simples deviennent pr\u00e9cieux quand on est tous r\u00e9unis. Certains groupes organisent m\u00eame des ateliers de cuisine collective ou des soir\u00e9es \u00e0 th\u00e8me. Chacun trouve sa fa\u00e7on de profiter.<\/p>\n<h2 id=\"les-conseils-pratiques-pour-des-vacances-12\">Les conseils pratiques pour des vacances \u00e0 12<\/h2>\n<h3 id=\"quand-r-server-\">Quand r\u00e9server ?<\/h3>\n<p>Pour les vacances scolaires, notamment en F\u00e9vrier et les f\u00eates de fin d&rsquo;ann\u00e9e, <strong>r\u00e9servez six \u00e0 douze mois \u00e0 l&rsquo;avance<\/strong>. Vous aurez le choix des meilleures propri\u00e9t\u00e9s et souvent de meilleurs tarifs. Hors vacances scolaires, trois \u00e0 quatre mois suffisent.<\/p>\n<h3 id=\"quelle-dur-e-\">Quelle dur\u00e9e ?<\/h3>\n<p><strong>La semaine<\/strong> reste le format classique en haute saison (samedi \u00e0 samedi). Mais en p\u00e9riode creuse, beaucoup de propri\u00e9taires acceptent <strong>les week-ends prolong\u00e9s<\/strong> de trois ou quatre nuits. Id\u00e9al pour tester avant de vous engager sur une semaine compl\u00e8te.<\/p>\n<h3 id=\"les-points-v-rifier\">Les points \u00e0 v\u00e9rifier<\/h3>\n<p>Avant de signer, v\u00e9rifiez bien : montant de la caution, politique d&rsquo;annulation, ce qui est inclus dans le tarif (m\u00e9nage, linge, wifi, acc\u00e8s spa). Confirmez aussi que chaque chambre a bien sa salle de bains privative et renseignez-vous sur le parking, car \u00e0 Meg\u00e8ve, ce n&rsquo;est pas toujours simple avec plusieurs v\u00e9hicules.<\/p>\n<p><strong>Heureusement, au Chalet Ararat, il n\u2019y a pas de questions \u00e0 se poser sur le parking<\/strong> !<\/p>\n<h2 id=\"faq-vos-questions-sur-la-location-chalet-luxe-12-personnes\">FAQ : Vos questions sur la location chalet luxe 12 personnes<\/h2>\n<p><strong>Pourquoi un chalet plut\u00f4t qu&rsquo;un h\u00f4tel pour 12 personnes ?<\/strong><\/p>\n<p>La libert\u00e9, tout simplement. Vous avez votre propre espace, vous mangez quand vous voulez, vous utilisez le spa \u00e0 23h si \u00e7a vous chante. Et financi\u00e8rement, divis\u00e9 par douze, \u00e7a revient souvent moins cher que l&rsquo;h\u00f4tel, avec beaucoup plus de confort et d&rsquo;espace.<\/p>\n<p><strong>Qu&rsquo;est-ce qui est inclus dans le prix ?<\/strong><\/p>\n<p>G\u00e9n\u00e9ralement : l&rsquo;h\u00e9bergement, le linge, le m\u00e9nage quotidien ou deux fois dans la semaine, l&rsquo;acc\u00e8s au spa et \u00e0 la piscine, le wifi, et une conciergerie de base. Le chef priv\u00e9, le chauffeur, les massages, l&rsquo;approvisionnement du frigo, etc. Certaines choses sont comprises dans le prix, d&rsquo;autres en suppl\u00e9ment. <strong>Clarifiez bien tout \u00e7a au moment de r\u00e9server.<\/strong><\/p>\n<p><strong>Et si on a des allergies ou des r\u00e9gimes sp\u00e9ciaux ?<\/strong><\/p>\n<p>Aucun souci. Les chefs priv\u00e9s ont l&rsquo;habitude de g\u00e9rer plusieurs contraintes alimentaires dans un m\u00eame groupe. V\u00e9g\u00e9tarien, sans gluten, allergies diverses&#8230; Il suffit de pr\u00e9venir au moment de r\u00e9server le service, et le chef adaptera tous ses menus. <strong>C&rsquo;est leur m\u00e9tier, et ils le font tr\u00e8s bien.<\/strong><\/p>\n<p><strong>Quand r\u00e9server pour avoir le meilleur prix ?<\/strong><\/p>\n<p>Pour No\u00ebl et F\u00e9vrier, plus vous r\u00e9servez t\u00f4t (6 \u00e0 12 mois avant), mieux c&rsquo;est. Vous aurez non seulement le choix, mais aussi de meilleurs tarifs. Pour l&rsquo;\u00e9t\u00e9 et les p\u00e9riodes hors vacances, trois \u00e0 quatre mois suffisent largement.<\/p>\n<p><strong>Peut-on louer juste pour un week-end ?<\/strong><\/p>\n<p>En haute saison, c&rsquo;est semaine enti\u00e8re uniquement. Mais en Janvier (hors vacances), Mars, Avril ou l&rsquo;\u00e9t\u00e9, beaucoup de propri\u00e9taires acceptent les courts s\u00e9jours de trois ou quatre nuits. Les tarifs \u00e0 la nuit\u00e9e sont proportionnellement plus \u00e9lev\u00e9s, mais \u00e7a permet de d\u00e9couvrir sans trop s&rsquo;engager.<\/p>\n<p>Besoin d&rsquo;aide pour organiser votre s\u00e9jour ? Le Chalet Ararat \u00e0 Combloux vous attend avec ses 7 suites, son spa complet et sa vue imprenable sur le Mont-Blanc. Parfait pour vos retrouvailles en famille ou entre amis.<\/p>\n<\/div>\n","protected":false},"excerpt":{"rendered":"<p>Vous souhaitez vous rendre \u00e0 Meg\u00e8ve \u00e0 12 ? D\u00e9couvrez comment choisir le bon chalet de luxe pour 12 personnes.<\/p>\n","protected":false},"author":6,"featured_media":2529,"comment_status":"closed","ping_status":"open","sticky":false,"template":"","format":"standard","meta":{"footnotes":""},"categories":[46],"tags":[],"class_list":["post-2530","post","type-post","status-publish","format-standard","has-post-thumbnail","hentry","category-commodites"],"yoast_head":"<!-- This site is optimized with the Yoast SEO plugin v27.3 - https:\/\/yoast.com\/product\/yoast-seo-wordpress\/ -->\n<title>Louer un chalet de luxe pour 12 personnes \u00e0 Meg\u00e8ve - Chalet Ararat<\/title>\n<meta name=\"robots\" content=\"index, follow, max-snippet:-1, max-image-preview:large, max-video-preview:-1\" \/>\n<link rel=\"canonical\" href=\"https:\/\/chaletararatmegeve.com\/fr\/louer-un-chalet-de-luxe-pour-12-personnes-a-megeve\/\" \/>\n<meta property=\"og:locale\" content=\"fr_FR\" \/>\n<meta property=\"og:type\" content=\"article\" \/>\n<meta property=\"og:title\" content=\"Louer un chalet de luxe pour 12 personnes \u00e0 Meg\u00e8ve - Chalet Ararat\" \/>\n<meta property=\"og:description\" content=\"Vous souhaitez vous rendre \u00e0 Meg\u00e8ve \u00e0 12 ? D\u00e9couvrez comment choisir le bon chalet de luxe pour 12 personnes.\" \/>\n<meta property=\"og:url\" content=\"https:\/\/chaletararatmegeve.com\/fr\/louer-un-chalet-de-luxe-pour-12-personnes-a-megeve\/\" \/>\n<meta property=\"og:site_name\" content=\"Chalet Ararat\" \/>\n<meta property=\"article:published_time\" content=\"2026-01-23T08:12:33+00:00\" \/>\n<meta property=\"og:image\" content=\"https:\/\/chaletararatmegeve.com\/wp-content\/uploads\/2026\/01\/file-3.webp\" \/>\n\t<meta property=\"og:image:width\" content=\"1920\" \/>\n\t<meta property=\"og:image:height\" content=\"1100\" \/>\n\t<meta property=\"og:image:type\" content=\"image\/webp\" \/>\n<meta name=\"author\" content=\"Alexandre\" \/>\n<meta name=\"twitter:card\" content=\"summary_large_image\" \/>\n<meta name=\"twitter:label1\" content=\"\u00c9crit par\" \/>\n\t<meta name=\"twitter:data1\" content=\"Alexandre\" \/>\n\t<meta name=\"twitter:label2\" content=\"Dur\u00e9e de lecture estim\u00e9e\" \/>\n\t<meta name=\"twitter:data2\" content=\"6 minutes\" \/>\n<script type=\"application\/ld+json\" class=\"yoast-schema-graph\">{\"@context\":\"https:\\\/\\\/schema.org\",\"@graph\":[{\"@type\":\"Article\",\"@id\":\"https:\\\/\\\/chaletararatmegeve.com\\\/louer-un-chalet-de-luxe-pour-12-personnes-a-megeve\\\/#article\",\"isPartOf\":{\"@id\":\"https:\\\/\\\/chaletararatmegeve.com\\\/louer-un-chalet-de-luxe-pour-12-personnes-a-megeve\\\/\"},\"author\":{\"name\":\"Alexandre\",\"@id\":\"https:\\\/\\\/chaletararatmegeve.com\\\/fr\\\/#\\\/schema\\\/person\\\/552ec7b445baf03ed62e6c37e77e2a98\"},\"headline\":\"Louer un chalet de luxe pour 12 personnes \u00e0 Meg\u00e8ve\",\"datePublished\":\"2026-01-23T08:12:33+00:00\",\"mainEntityOfPage\":{\"@id\":\"https:\\\/\\\/chaletararatmegeve.com\\\/louer-un-chalet-de-luxe-pour-12-personnes-a-megeve\\\/\"},\"wordCount\":1268,\"publisher\":{\"@id\":\"https:\\\/\\\/chaletararatmegeve.com\\\/fr\\\/#organization\"},\"image\":{\"@id\":\"https:\\\/\\\/chaletararatmegeve.com\\\/louer-un-chalet-de-luxe-pour-12-personnes-a-megeve\\\/#primaryimage\"},\"thumbnailUrl\":\"https:\\\/\\\/chaletararatmegeve.com\\\/wp-content\\\/uploads\\\/2026\\\/01\\\/file-3.webp\",\"articleSection\":[\"Commodit\u00e9s\"],\"inLanguage\":\"fr-FR\"},{\"@type\":\"WebPage\",\"@id\":\"https:\\\/\\\/chaletararatmegeve.com\\\/louer-un-chalet-de-luxe-pour-12-personnes-a-megeve\\\/\",\"url\":\"https:\\\/\\\/chaletararatmegeve.com\\\/louer-un-chalet-de-luxe-pour-12-personnes-a-megeve\\\/\",\"name\":\"Louer un chalet de luxe pour 12 personnes \u00e0 Meg\u00e8ve - Chalet Ararat\",\"isPartOf\":{\"@id\":\"https:\\\/\\\/chaletararatmegeve.com\\\/fr\\\/#website\"},\"primaryImageOfPage\":{\"@id\":\"https:\\\/\\\/chaletararatmegeve.com\\\/louer-un-chalet-de-luxe-pour-12-personnes-a-megeve\\\/#primaryimage\"},\"image\":{\"@id\":\"https:\\\/\\\/chaletararatmegeve.com\\\/louer-un-chalet-de-luxe-pour-12-personnes-a-megeve\\\/#primaryimage\"},\"thumbnailUrl\":\"https:\\\/\\\/chaletararatmegeve.com\\\/wp-content\\\/uploads\\\/2026\\\/01\\\/file-3.webp\",\"datePublished\":\"2026-01-23T08:12:33+00:00\",\"breadcrumb\":{\"@id\":\"https:\\\/\\\/chaletararatmegeve.com\\\/louer-un-chalet-de-luxe-pour-12-personnes-a-megeve\\\/#breadcrumb\"},\"inLanguage\":\"fr-FR\",\"potentialAction\":[{\"@type\":\"ReadAction\",\"target\":[\"https:\\\/\\\/chaletararatmegeve.com\\\/louer-un-chalet-de-luxe-pour-12-personnes-a-megeve\\\/\"]}]},{\"@type\":\"ImageObject\",\"inLanguage\":\"fr-FR\",\"@id\":\"https:\\\/\\\/chaletararatmegeve.com\\\/louer-un-chalet-de-luxe-pour-12-personnes-a-megeve\\\/#primaryimage\",\"url\":\"https:\\\/\\\/chaletararatmegeve.com\\\/wp-content\\\/uploads\\\/2026\\\/01\\\/file-3.webp\",\"contentUrl\":\"https:\\\/\\\/chaletararatmegeve.com\\\/wp-content\\\/uploads\\\/2026\\\/01\\\/file-3.webp\",\"width\":1920,\"height\":1100,\"caption\":\"1-28.webp\"},{\"@type\":\"BreadcrumbList\",\"@id\":\"https:\\\/\\\/chaletararatmegeve.com\\\/louer-un-chalet-de-luxe-pour-12-personnes-a-megeve\\\/#breadcrumb\",\"itemListElement\":[{\"@type\":\"ListItem\",\"position\":1,\"name\":\"Accueil\",\"item\":\"https:\\\/\\\/chaletararatmegeve.com\\\/\"},{\"@type\":\"ListItem\",\"position\":2,\"name\":\"Louer un chalet de luxe pour 12 personnes \u00e0 Meg\u00e8ve\"}]},{\"@type\":\"WebSite\",\"@id\":\"https:\\\/\\\/chaletararatmegeve.com\\\/fr\\\/#website\",\"url\":\"https:\\\/\\\/chaletararatmegeve.com\\\/fr\\\/\",\"name\":\"Chalet Ararat\",\"description\":\"Luxury Chalet in Meg\u00e8ve\",\"publisher\":{\"@id\":\"https:\\\/\\\/chaletararatmegeve.com\\\/fr\\\/#organization\"},\"potentialAction\":[{\"@type\":\"SearchAction\",\"target\":{\"@type\":\"EntryPoint\",\"urlTemplate\":\"https:\\\/\\\/chaletararatmegeve.com\\\/fr\\\/?s={search_term_string}\"},\"query-input\":{\"@type\":\"PropertyValueSpecification\",\"valueRequired\":true,\"valueName\":\"search_term_string\"}}],\"inLanguage\":\"fr-FR\"},{\"@type\":\"Organization\",\"@id\":\"https:\\\/\\\/chaletararatmegeve.com\\\/fr\\\/#organization\",\"name\":\"Chalet Ararat\",\"url\":\"https:\\\/\\\/chaletararatmegeve.com\\\/fr\\\/\",\"logo\":{\"@type\":\"ImageObject\",\"inLanguage\":\"fr-FR\",\"@id\":\"https:\\\/\\\/chaletararatmegeve.com\\\/fr\\\/#\\\/schema\\\/logo\\\/image\\\/\",\"url\":\"https:\\\/\\\/chaletararatmegeve.com\\\/wp-content\\\/uploads\\\/2024\\\/05\\\/chalet-ararat-logotype-or.svg\",\"contentUrl\":\"https:\\\/\\\/chaletararatmegeve.com\\\/wp-content\\\/uploads\\\/2024\\\/05\\\/chalet-ararat-logotype-or.svg\",\"width\":147,\"height\":47,\"caption\":\"Chalet Ararat\"},\"image\":{\"@id\":\"https:\\\/\\\/chaletararatmegeve.com\\\/fr\\\/#\\\/schema\\\/logo\\\/image\\\/\"}},{\"@type\":\"Person\",\"@id\":\"https:\\\/\\\/chaletararatmegeve.com\\\/fr\\\/#\\\/schema\\\/person\\\/552ec7b445baf03ed62e6c37e77e2a98\",\"name\":\"Alexandre\",\"image\":{\"@type\":\"ImageObject\",\"inLanguage\":\"fr-FR\",\"@id\":\"https:\\\/\\\/secure.gravatar.com\\\/avatar\\\/55244ddfeff4d10a2b06e42cb797fe918a336105b82b6f5201a3a07b1e4df8f9?s=96&d=mm&r=g\",\"url\":\"https:\\\/\\\/secure.gravatar.com\\\/avatar\\\/55244ddfeff4d10a2b06e42cb797fe918a336105b82b6f5201a3a07b1e4df8f9?s=96&d=mm&r=g\",\"contentUrl\":\"https:\\\/\\\/secure.gravatar.com\\\/avatar\\\/55244ddfeff4d10a2b06e42cb797fe918a336105b82b6f5201a3a07b1e4df8f9?s=96&d=mm&r=g\",\"caption\":\"Alexandre\"},\"url\":\"https:\\\/\\\/chaletararatmegeve.com\\\/fr\"}]}<\/script>\n<!-- \/ Yoast SEO plugin. -->","yoast_head_json":{"title":"Louer un chalet de luxe pour 12 personnes \u00e0 Meg\u00e8ve - Chalet Ararat","robots":{"index":"index","follow":"follow","max-snippet":"max-snippet:-1","max-image-preview":"max-image-preview:large","max-video-preview":"max-video-preview:-1"},"canonical":"https:\/\/chaletararatmegeve.com\/fr\/louer-un-chalet-de-luxe-pour-12-personnes-a-megeve\/","og_locale":"fr_FR","og_type":"article","og_title":"Louer un chalet de luxe pour 12 personnes \u00e0 Meg\u00e8ve - Chalet Ararat","og_description":"Vous souhaitez vous rendre \u00e0 Meg\u00e8ve \u00e0 12 ? D\u00e9couvrez comment choisir le bon chalet de luxe pour 12 personnes.","og_url":"https:\/\/chaletararatmegeve.com\/fr\/louer-un-chalet-de-luxe-pour-12-personnes-a-megeve\/","og_site_name":"Chalet Ararat","article_published_time":"2026-01-23T08:12:33+00:00","og_image":[{"width":1920,"height":1100,"url":"https:\/\/chaletararatmegeve.com\/wp-content\/uploads\/2026\/01\/file-3.webp","type":"image\/webp"}],"author":"Alexandre","twitter_card":"summary_large_image","twitter_misc":{"\u00c9crit par":"Alexandre","Dur\u00e9e de lecture estim\u00e9e":"6 minutes"},"schema":{"@context":"https:\/\/schema.org","@graph":[{"@type":"Article","@id":"https:\/\/chaletararatmegeve.com\/louer-un-chalet-de-luxe-pour-12-personnes-a-megeve\/#article","isPartOf":{"@id":"https:\/\/chaletararatmegeve.com\/louer-un-chalet-de-luxe-pour-12-personnes-a-megeve\/"},"author":{"name":"Alexandre","@id":"https:\/\/chaletararatmegeve.com\/fr\/#\/schema\/person\/552ec7b445baf03ed62e6c37e77e2a98"},"headline":"Louer un chalet de luxe pour 12 personnes \u00e0 Meg\u00e8ve","datePublished":"2026-01-23T08:12:33+00:00","mainEntityOfPage":{"@id":"https:\/\/chaletararatmegeve.com\/louer-un-chalet-de-luxe-pour-12-personnes-a-megeve\/"},"wordCount":1268,"publisher":{"@id":"https:\/\/chaletararatmegeve.com\/fr\/#organization"},"image":{"@id":"https:\/\/chaletararatmegeve.com\/louer-un-chalet-de-luxe-pour-12-personnes-a-megeve\/#primaryimage"},"thumbnailUrl":"https:\/\/chaletararatmegeve.com\/wp-content\/uploads\/2026\/01\/file-3.webp","articleSection":["Commodit\u00e9s"],"inLanguage":"fr-FR"},{"@type":"WebPage","@id":"https:\/\/chaletararatmegeve.com\/louer-un-chalet-de-luxe-pour-12-personnes-a-megeve\/","url":"https:\/\/chaletararatmegeve.com\/louer-un-chalet-de-luxe-pour-12-personnes-a-megeve\/","name":"Louer un chalet de luxe pour 12 personnes \u00e0 Meg\u00e8ve - Chalet Ararat","isPartOf":{"@id":"https:\/\/chaletararatmegeve.com\/fr\/#website"},"primaryImageOfPage":{"@id":"https:\/\/chaletararatmegeve.com\/louer-un-chalet-de-luxe-pour-12-personnes-a-megeve\/#primaryimage"},"image":{"@id":"https:\/\/chaletararatmegeve.com\/louer-un-chalet-de-luxe-pour-12-personnes-a-megeve\/#primaryimage"},"thumbnailUrl":"https:\/\/chaletararatmegeve.com\/wp-content\/uploads\/2026\/01\/file-3.webp","datePublished":"2026-01-23T08:12:33+00:00","breadcrumb":{"@id":"https:\/\/chaletararatmegeve.com\/louer-un-chalet-de-luxe-pour-12-personnes-a-megeve\/#breadcrumb"},"inLanguage":"fr-FR","potentialAction":[{"@type":"ReadAction","target":["https:\/\/chaletararatmegeve.com\/louer-un-chalet-de-luxe-pour-12-personnes-a-megeve\/"]}]},{"@type":"ImageObject","inLanguage":"fr-FR","@id":"https:\/\/chaletararatmegeve.com\/louer-un-chalet-de-luxe-pour-12-personnes-a-megeve\/#primaryimage","url":"https:\/\/chaletararatmegeve.com\/wp-content\/uploads\/2026\/01\/file-3.webp","contentUrl":"https:\/\/chaletararatmegeve.com\/wp-content\/uploads\/2026\/01\/file-3.webp","width":1920,"height":1100,"caption":"1-28.webp"},{"@type":"BreadcrumbList","@id":"https:\/\/chaletararatmegeve.com\/louer-un-chalet-de-luxe-pour-12-personnes-a-megeve\/#breadcrumb","itemListElement":[{"@type":"ListItem","position":1,"name":"Accueil","item":"https:\/\/chaletararatmegeve.com\/"},{"@type":"ListItem","position":2,"name":"Louer un chalet de luxe pour 12 personnes \u00e0 Meg\u00e8ve"}]},{"@type":"WebSite","@id":"https:\/\/chaletararatmegeve.com\/fr\/#website","url":"https:\/\/chaletararatmegeve.com\/fr\/","name":"Chalet Ararat","description":"Luxury Chalet in Meg\u00e8ve","publisher":{"@id":"https:\/\/chaletararatmegeve.com\/fr\/#organization"},"potentialAction":[{"@type":"SearchAction","target":{"@type":"EntryPoint","urlTemplate":"https:\/\/chaletararatmegeve.com\/fr\/?s={search_term_string}"},"query-input":{"@type":"PropertyValueSpecification","valueRequired":true,"valueName":"search_term_string"}}],"inLanguage":"fr-FR"},{"@type":"Organization","@id":"https:\/\/chaletararatmegeve.com\/fr\/#organization","name":"Chalet Ararat","url":"https:\/\/chaletararatmegeve.com\/fr\/","logo":{"@type":"ImageObject","inLanguage":"fr-FR","@id":"https:\/\/chaletararatmegeve.com\/fr\/#\/schema\/logo\/image\/","url":"https:\/\/chaletararatmegeve.com\/wp-content\/uploads\/2024\/05\/chalet-ararat-logotype-or.svg","contentUrl":"https:\/\/chaletararatmegeve.com\/wp-content\/uploads\/2024\/05\/chalet-ararat-logotype-or.svg","width":147,"height":47,"caption":"Chalet Ararat"},"image":{"@id":"https:\/\/chaletararatmegeve.com\/fr\/#\/schema\/logo\/image\/"}},{"@type":"Person","@id":"https:\/\/chaletararatmegeve.com\/fr\/#\/schema\/person\/552ec7b445baf03ed62e6c37e77e2a98","name":"Alexandre","image":{"@type":"ImageObject","inLanguage":"fr-FR","@id":"https:\/\/secure.gravatar.com\/avatar\/55244ddfeff4d10a2b06e42cb797fe918a336105b82b6f5201a3a07b1e4df8f9?s=96&d=mm&r=g","url":"https:\/\/secure.gravatar.com\/avatar\/55244ddfeff4d10a2b06e42cb797fe918a336105b82b6f5201a3a07b1e4df8f9?s=96&d=mm&r=g","contentUrl":"https:\/\/secure.gravatar.com\/avatar\/55244ddfeff4d10a2b06e42cb797fe918a336105b82b6f5201a3a07b1e4df8f9?s=96&d=mm&r=g","caption":"Alexandre"},"url":"https:\/\/chaletararatmegeve.com\/fr"}]}},"_links":{"self":[{"href":"https:\/\/chaletararatmegeve.com\/fr\/wp-json\/wp\/v2\/posts\/2530","targetHints":{"allow":["GET"]}}],"collection":[{"href":"https:\/\/chaletararatmegeve.com\/fr\/wp-json\/wp\/v2\/posts"}],"about":[{"href":"https:\/\/chaletararatmegeve.com\/fr\/wp-json\/wp\/v2\/types\/post"}],"author":[{"embeddable":true,"href":"https:\/\/chaletararatmegeve.com\/fr\/wp-json\/wp\/v2\/users\/6"}],"replies":[{"embeddable":true,"href":"https:\/\/chaletararatmegeve.com\/fr\/wp-json\/wp\/v2\/comments?post=2530"}],"version-history":[{"count":1,"href":"https:\/\/chaletararatmegeve.com\/fr\/wp-json\/wp\/v2\/posts\/2530\/revisions"}],"predecessor-version":[{"id":2531,"href":"https:\/\/chaletararatmegeve.com\/fr\/wp-json\/wp\/v2\/posts\/2530\/revisions\/2531"}],"wp:featuredmedia":[{"embeddable":true,"href":"https:\/\/chaletararatmegeve.com\/fr\/wp-json\/wp\/v2\/media\/2529"}],"wp:attachment":[{"href":"https:\/\/chaletararatmegeve.com\/fr\/wp-json\/wp\/v2\/media?parent=2530"}],"wp:term":[{"taxonomy":"category","embeddable":true,"href":"https:\/\/chaletararatmegeve.com\/fr\/wp-json\/wp\/v2\/categories?post=2530"},{"taxonomy":"post_tag","embeddable":true,"href":"https:\/\/chaletararatmegeve.com\/fr\/wp-json\/wp\/v2\/tags?post=2530"}],"curies":[{"name":"wp","href":"https:\/\/api.w.org\/{rel}","templated":true}]}}