{"id":2572,"date":"2026-03-12T12:04:23","date_gmt":"2026-03-12T11:04:23","guid":{"rendered":"https:\/\/chaletararatmegeve.com\/fr\/?p=2572"},"modified":"2026-03-12T12:04:44","modified_gmt":"2026-03-12T11:04:44","slug":"les-evenements-sportifs-culturels-et-familiaux-de-janvier-2026-a-megeve","status":"publish","type":"post","link":"https:\/\/chaletararatmegeve.com\/fr\/les-evenements-sportifs-culturels-et-familiaux-de-janvier-2026-a-megeve\/","title":{"rendered":"Les \u00e9v\u00e9nements sportifs, culturels et familiaux de Janvier 2026 \u00e0 Meg\u00e8ve"},"content":{"rendered":"<div class=\"automation-post\">\n<h1 id=\"-les-v-nements-sportifs-culturels-et-familiaux-de-janvier-2026-meg-ve-\"><strong>Les \u00e9v\u00e9nements sportifs, culturels et familiaux de Janvier 2026 \u00e0 Meg\u00e8ve<\/strong><\/h1>\n<p>Janvier 2026 \u00e0 Meg\u00e8ve propose une <strong>programmation riche et vari\u00e9e<\/strong> qui ravira tous les publics, des familles aux amateurs de sport en passant par les passionn\u00e9s de culture. Pour les h\u00f4tes du Chalet Ararat venus profiter d&rsquo;un s\u00e9jour en montagne, ce mois offre de nombreuses occasions de d\u00e9couvrir l&rsquo;effervescence du village.<\/p>\n<h2 id=\"-les-v-nements-sportifs-de-janvier-2026-\"><strong>Les \u00e9v\u00e9nements sportifs de Janvier 2026<\/strong><\/h2>\n<h3 id=\"-ski-de-fond-grand-prix-la-b-cheronne-10-11-janvier-\"><strong>Ski de fond : Grand Prix La B\u00fbcheronne (10-11 janvier)<\/strong><\/h3>\n<p>Le mois d\u00e9bute avec une comp\u00e9tition embl\u00e9matique du ski de fond \u00e0 Meg\u00e8ve. Les 10 et 11 janvier 2026, le Grand Prix La B\u00fbcheronne rassemble les passionn\u00e9s de ski nordique pour deux journ\u00e9es de comp\u00e9tition dans un cadre alpin exceptionnel.<\/p>\n<p>Cette \u00e9preuve, accessible d\u00e8s 7 euros pour les adultes, permet aux spectateurs d&rsquo;admirer l&rsquo;\u00e9l\u00e9gance et l&rsquo;endurance des skieurs de fond \u00e9voluant sur les pistes de Meg\u00e8ve. Le d\u00e9part est donn\u00e9 \u00e0 8h00, offrant une ambiance matinale particuli\u00e8rement vivifiante dans l&rsquo;air frais de la montagne.<\/p>\n<p>Le ski de fond incarne parfaitement l&rsquo;esprit sportif de Meg\u00e8ve qui m\u00e9lange la performance athl\u00e9tique et la communion avec la nature. Cette discipline exigeante met en lumi\u00e8re la beaut\u00e9 des paysages enneig\u00e9s et la technicit\u00e9 des athl\u00e8tes.<\/p>\n<h3 id=\"-hockey-sur-glace-les-matchs-des-y-tis-du-mont-blanc-\"><strong>Hockey sur glace, les matchs des Y\u00e9tis du Mont-Blanc<\/strong><\/h3>\n<p>Les amateurs de hockey sur glace seront combl\u00e9s en janvier avec trois matchs de Division 1 disput\u00e9s \u00e0 la patinoire de Meg\u00e8ve. L&rsquo;\u00e9quipe locale, les Y\u00e9tis du Mont-Blanc, accueille successivement trois adversaires de calibre.<\/p>\n<p><strong>Match du 13 Janvier contre Chamb\u00e9ry<\/strong><\/p>\n<p>Le Mardi 13 Janvier \u00e0 19h30, les Y\u00e9tis affrontent l&rsquo;\u00e9quipe de Chamb\u00e9ry dans un match qui s&rsquo;annonce intense. Les billets sont disponibles en ligne \u00e0 partir de 12 euros pour les adultes. Cette rencontre promet un spectacle dynamique avec l&rsquo;ambiance particuli\u00e8re des matchs de hockey, o\u00f9 la rapidit\u00e9 du jeu et les contacts physiques captivent les spectateurs.<\/p>\n<p><strong>Match du 17 Janvier contre Dunkerque<\/strong><\/p>\n<p>Quatre jours plus tard, le Vendredi 17 Janvier, les Y\u00e9tis re\u00e7oivent l&rsquo;\u00e9quipe de Dunkerque. Cette rencontre permet aux supporters locaux et aux vacanciers de d\u00e9couvrir ou red\u00e9couvrir l&rsquo;atmosph\u00e8re \u00e9lectrique d&rsquo;un match de hockey sur glace en montagne.<\/p>\n<p><strong>Match du 24 Janvier contre Meudon<\/strong><\/p>\n<p>Le Samedi 24 Janvier cl\u00f4ture cette s\u00e9rie de matchs \u00e0 domicile avec la r\u00e9ception de Meudon. Ces trois rencontres rapproch\u00e9es offrent aux passionn\u00e9s de sport l&rsquo;occasion de suivre l&rsquo;\u00e9volution de l&rsquo;\u00e9quipe de Meg\u00e8ve au cours du mois.<\/p>\n<p>La patinoire de Meg\u00e8ve, moderne et confortable, garantit une excellente visibilit\u00e9 depuis toutes les places. L&rsquo;ambiance conviviale et familiale caract\u00e9rise ces \u00e9v\u00e9nements sportifs o\u00f9 se m\u00ealent supporters fid\u00e8les et d\u00e9couvreurs curieux.<\/p>\n<h2 id=\"-les-v-nements-culturels-et-animations-familiales-\"><strong>Les \u00e9v\u00e9nements culturels et animations familiales<\/strong><\/h2>\n<h3 id=\"-contes-pour-b-b-s-10-janvier-\"><strong>Contes pour b\u00e9b\u00e9s (10 Janvier)<\/strong><\/h3>\n<p>Le Samedi 10 Janvier \u00e0 11h00, la m\u00e9diath\u00e8que de Meg\u00e8ve organise une s\u00e9ance gratuite d\u00e9di\u00e9e aux tout-petits. Cette heure du conte sp\u00e9cialement con\u00e7ue pour les b\u00e9b\u00e9s lecteurs permet d&rsquo;initier les jeunes enfants au plaisir des histoires dans un cadre chaleureux et adapt\u00e9.<\/p>\n<p>Cette animation constitue une pause bienvenue pour les familles en vacances, offrant aux plus jeunes un moment d&rsquo;\u00e9veil culturel pendant que les parents d\u00e9couvrent les ressources de la m\u00e9diath\u00e8que de Meg\u00e8ve.<\/p>\n<h3 id=\"-les-lutins-ont-oubli-la-galette-11-janvier-\"><strong>Les lutins ont oubli\u00e9 la galette ! (11 janvier)<\/strong><\/h3>\n<p>Le Dimanche 11 Janvier \u00e0 14h00, Meg\u00e8ve propose une animation familiale gratuite sur le th\u00e8me des traditions hivernales. \u00ab\u00a0Les Lutins ont oubli\u00e9 la galette !\u00a0\u00bb invite petits et grands \u00e0 participer \u00e0 une chasse aux cr\u00eapes et galettes \u00e0 travers le village, dans une ambiance ludique et festive.<\/p>\n<p>Cette animation au sommet de Rochebrune m\u00eale d\u00e9couverte du patrimoine, activit\u00e9 physique en plein air et convivialit\u00e9. Les enfants appr\u00e9cieront particuli\u00e8rement cette approche originale des traditions savoyardes, tandis que les parents profiteront des paysages montagnards exceptionnels.<\/p>\n<h3 id=\"-contes-pour-enfants-14-et-28-janvier-\"><strong>Contes pour enfants (14 et 28 janvier)<\/strong><\/h3>\n<p>Deux s\u00e9ances de contes pour enfants sont programm\u00e9es en Janvier, les Mardis 14 et 28 Janvier. Ces rendez-vous permettent aux jeunes vacanciers de s&rsquo;\u00e9vader dans l&rsquo;univers des histoires alpines, des l\u00e9gendes montagnardes et des contes traditionnels.<\/p>\n<p>Ces moments offrent une alternative id\u00e9ale aux <a href=\"https:\/\/chaletararatmegeve.com\/fr\/les-activites-dhiver-a-megeve-au-dela-du-ski\/\">activit\u00e9s de plein air<\/a>, particuli\u00e8rement appr\u00e9ciable lors des journ\u00e9es de mauvais temps ou pour varier les plaisirs du s\u00e9jour. Les conteurs professionnels savent captiver l&rsquo;attention des enfants tout en transmettant le patrimoine culturel de la r\u00e9gion.<\/p>\n<h3 id=\"-spectacle-d-humour-de-nawell-madani-21-janvier-\"><strong>Spectacle d&rsquo;humour de Nawell Madani (21 janvier)<\/strong><\/h3>\n<p>Le Mardi 21 Janvier 2026, la salle de spectacle du Palais de Meg\u00e8ve accueille Nawell Madani pour son spectacle \u00ab\u00a0Nawell tout court\u00a0\u00bb. L&rsquo;humoriste revient plus mordante et sinc\u00e8re que jamais, offrant une soir\u00e9e de rire et de divertissement pour un public adulte.<\/p>\n<p>Ce one-woman-show repr\u00e9sente une excellente occasion de prolonger une journ\u00e9e de ski par une sortie culturelle de qualit\u00e9. Les places sont disponibles \u00e0 la billetterie du Palais, avec diff\u00e9rentes cat\u00e9gories tarifaires adapt\u00e9es \u00e0 tous les budgets.<\/p>\n<h3 id=\"-escape-game-la-m-diath-que-21-janvier-\"><strong>Escape game \u00e0 la m\u00e9diath\u00e8que (21 janvier)<\/strong><\/h3>\n<p>\u00c9galement le 21 Janvier, la m\u00e9diath\u00e8que de Meg\u00e8ve propose une exp\u00e9rience originale avec un escape game organis\u00e9 dans ses locaux. Cette animation ludique et intellectuelle permet de d\u00e9couvrir les ressources de la m\u00e9diath\u00e8que sous un angle nouveau, en relevant des d\u00e9fis par \u00e9quipe.<\/p>\n<p>L&rsquo;escape game en biblioth\u00e8que constitue une activit\u00e9 parfaite pour les groupes d&rsquo;amis ou les familles avec adolescents, combinant r\u00e9flexion, coop\u00e9ration et d\u00e9couverte culturelle dans un cadre inhabituel.<\/p>\n<h2 id=\"-les-expositions-permanentes-de-janvier-2026-\"><strong>Les expositions permanentes de Janvier 2026<\/strong><\/h2>\n<p>Plusieurs expositions artistiques enrichissent l&rsquo;offre culturelle de Meg\u00e8ve tout au long du mois de janvier, offrant aux visiteurs des moments de contemplation et de d\u00e9couverte.<\/p>\n<h3 id=\"-exposition-pierre-margara-l-intuition-des-cimes-\"><strong>Exposition Pierre Margara, l&rsquo;Intuition des Cimes<\/strong><\/h3>\n<p>Du 20 D\u00e9cembre 2025 au 6 D\u00e9cembre 2026, le Mus\u00e9e de Meg\u00e8ve pr\u00e9sente une r\u00e9trospective consacr\u00e9e \u00e0 Pierre Margara, sculpteur m\u00e9gevan dont l&rsquo;\u0153uvre dialogue intimement avec la montagne. Cette exposition longue dur\u00e9e permet d&rsquo;appr\u00e9cier le travail d&rsquo;un artiste qui a su capturer l&rsquo;essence des sommets alpins dans la pierre et le m\u00e9tal.<\/p>\n<p>L&rsquo;entr\u00e9e \u00e0 l&rsquo;exposition est fix\u00e9e \u00e0 partir de <strong>6 euros<\/strong> pour les adultes, un tarif accessible qui encourage la d\u00e9couverte de l&rsquo;art contemporain montagnard. Les \u0153uvres de Margara, empreintes de po\u00e9sie et de puissance, r\u00e9sonnent particuli\u00e8rement dans leur environnement d&rsquo;origine.<\/p>\n<h3 id=\"-expositions-v-ronique-olivier-et-manuela-rossi-\"><strong>Expositions V\u00e9ronique Olivier et Manuela Rossi<\/strong><\/h3>\n<p>Du 5 D\u00e9cembre 2025 au 31 Mars 2026, cette exposition gratuite met en regard le travail de deux artistes aux univers compl\u00e9mentaires. V\u00e9ronique Olivier et Manuela Rossi proposent un dialogue artistique qui enrichit la sc\u00e8ne culturelle m\u00e9gevanne.<\/p>\n<p><strong>Accessible sans r\u00e9servation<\/strong>, cette exposition constitue une \u00e9tape culturelle id\u00e9ale avant ou apr\u00e8s une journ\u00e9e sur les pistes, permettant de varier les exp\u00e9riences du s\u00e9jour alpin.<\/p>\n<h3 id=\"-photographies-de-david-carpano-ce-monde-qui-nous-entoure-\"><strong>Photographies de David Carpano : \u00ab\u00a0Ce monde qui nous entoure\u00a0\u00bb<\/strong><\/h3>\n<p>Du 15 Mai 2025 au 6 Mai 2026, le photographe David Carpano invite \u00e0 une r\u00e9flexion visuelle sur notre environnement. Ses clich\u00e9s, expos\u00e9s gratuitement \u00e0 Meg\u00e8ve, offrent <strong>un regard sensible et contemplatif<\/strong> sur le monde contemporain.<\/p>\n<p>Cette exposition photographique longue dur\u00e9e permet aux visiteurs de Janvier de d\u00e9couvrir une approche artistique de la nature et du paysage, th\u00e8mes particuli\u00e8rement r\u00e9sonants dans le contexte alpin.<\/p>\n<h3 id=\"-exposition-croix-moi-de-patrick-wack-\"><strong>Exposition \u00ab\u00a0Croix-moi\u00a0\u00bb de Patrick Wack<\/strong><\/h3>\n<p>Du 1er Juin 2024 au 4 Mai 2026, Patrick Wack explore le symbole universel de la croix \u00e0 travers son \u0153uvre plastique. Cette exposition gratuite propose une m\u00e9ditation artistique sur ce motif r\u00e9current dans le patrimoine savoyard, des croix de sommets aux croix d&rsquo;\u00e9glises villageoises.<\/p>\n<h2 id=\"-concours-d-l-gance-automobile-31-janvier-1er-f-vrier-\"><strong>Concours d&rsquo;\u00e9l\u00e9gance automobile (31 Janvier &#8211; 1er F\u00e9vrier)<\/strong><\/h2>\n<p>La fin du mois de Janvier marque le retour d&rsquo;un \u00e9v\u00e9nement automobile prestigieux \u00e0 Meg\u00e8ve. Les 31 Janvier et 1er F\u00e9vrier 2026, le village accueille un concours d&rsquo;\u00e9l\u00e9gance d\u00e9di\u00e9 au soutien aux enfants malades, d\u00e9montrant que luxe et solidarit\u00e9 peuvent s&rsquo;harmoniser.<\/p>\n<h3 id=\"-cinquante-v-hicules-d-exception-\"><strong>Cinquante v\u00e9hicules d&rsquo;exception<\/strong><\/h3>\n<p>Ce concours met en lumi\u00e8re une cinquantaine d&rsquo;automobiles de prestige, des classiques intemporels aux mod\u00e8les contemporains d&rsquo;exception. Les passionn\u00e9s d&rsquo;automobile et les curieux peuvent admirer ces pi\u00e8ces rares dans le cadre enchanteur du village sous la neige.<\/p>\n<p>L&rsquo;\u00e9v\u00e9nement transforme les rues de Meg\u00e8ve en un mus\u00e9e automobile \u00e9ph\u00e9m\u00e8re, o\u00f9 chaque v\u00e9hicule raconte sa propre histoire. Les carrosseries \u00e9tincelantes contrastent avec la blancheur de la neige. Le spectacle est agr\u00e9able \u00e0 regarder, surtout pour les passionn\u00e9s de voiture!<\/p>\n<h3 id=\"-une-dimension-caritative-\"><strong>Une dimension caritative<\/strong><\/h3>\n<p>Anciennement connu sous le nom de \u00ab\u00a0L&rsquo;\u00c9l\u00e9gance\u00a0\u00bb, cet \u00e9v\u00e9nement a \u00e9volu\u00e9 vers une noble cause : le <strong>soutien aux enfants malades<\/strong>. Cette dimension solidaire renforce l&rsquo;esprit de partage qui caract\u00e9rise la communaut\u00e9 de Meg\u00e8ve, alliant passion automobile et engagement humanitaire.<\/p>\n<p>Les visiteurs peuvent ainsi admirer des automobiles d&rsquo;exception tout en contribuant \u00e0 une cause essentielle, dans une ambiance \u00e9l\u00e9gante et conviviale caract\u00e9ristique de Meg\u00e8ve.<\/p>\n<p>Pour voir l\u2019agenda complet, <a href=\"https:\/\/www.megeve-tourisme.fr\/agenda\/\" target=\"_blank\" rel=\"noopener\">c\u2019est ici<\/a>.<\/p>\n<h2 id=\"-faq-\"><strong>FAQ<\/strong><\/h2>\n<p><strong>Quels sont les principaux \u00e9v\u00e9nements sportifs de janvier 2026 \u00e0 Meg\u00e8ve ?<\/strong><\/p>\n<p>Les \u00e9v\u00e9nements sportifs majeurs incluent le Grand Prix La B\u00fbcheronne de ski de fond les 10-11 janvier, et trois matchs de hockey sur glace de Division 1 avec les Y\u00e9tis du Mont-Blanc les 13, 17 et 24 janvier. Ces comp\u00e9titions sont accessibles avec des tarifs d\u00e9butant \u00e0 7 euros pour le ski de fond et 12 euros pour le hockey.<\/p>\n<p><strong>Les \u00e9v\u00e9nements culturels de janvier sont-ils gratuits ?<\/strong><\/p>\n<p>La plupart des \u00e9v\u00e9nements culturels sont gratuits ou proposent des tarifs modiques. Les animations familiales (heure du conte, chasse aux galettes), les expositions V\u00e9ronique Olivier et Manuela Rossi, David Carpano et Patrick Wack sont en acc\u00e8s libre. Seule l&rsquo;exposition Pierre Margara (6 euros) et le spectacle de Nawell Madani n\u00e9cessitent un billet.<\/p>\n<p><strong>Comment r\u00e9server les billets pour les matchs de hockey ?<\/strong><\/p>\n<p>Les billets pour les matchs des Y\u00e9tis du Mont-Blanc sont disponibles en ligne sur le site officiel de l&rsquo;\u00e9quipe ou peuvent \u00eatre achet\u00e9s directement \u00e0 la patinoire de Meg\u00e8ve avant les rencontres. Il est recommand\u00e9 de r\u00e9server en ligne pour garantir sa place, particuli\u00e8rement pour les matchs du week-end.<\/p>\n<p><strong>Faut-il r\u00e9server pour les expositions ?<\/strong><\/p>\n<p>Non, les expositions sont en acc\u00e8s libre sans r\u00e9servation n\u00e9cessaire. Il suffit de se pr\u00e9senter aux horaires d&rsquo;ouverture des espaces d&rsquo;exposition (g\u00e9n\u00e9ralement 10h30-18h30 en haute saison). Seuls les groupes importants souhaitant une visite guid\u00e9e devraient contacter les organisateurs \u00e0 l&rsquo;avance.<\/p>\n<p><strong>Le concours d&rsquo;\u00e9l\u00e9gance automobile est-il accessible au public ?<\/strong><\/p>\n<p>Oui, le concours d&rsquo;\u00e9l\u00e9gance des 31 janvier et 1er f\u00e9vrier est ouvert au public. Les v\u00e9hicules sont expos\u00e9s dans le village de Meg\u00e8ve, permettant aux visiteurs de les admirer librement. Certaines animations sp\u00e9cifiques peuvent n\u00e9cessiter une inscription, mais l&rsquo;essentiel de l&rsquo;\u00e9v\u00e9nement est accessible \u00e0 tous.<\/p>\n<p><strong>Comment se rendre aux \u00e9v\u00e9nements depuis le Chalet Ararat ?<\/strong><\/p>\n<p>Le Chalet Ararat \u00e0 Combloux se situe \u00e0 quelques minutes en voiture de Meg\u00e8ve. La patinoire, le Palais, la m\u00e9diath\u00e8que et le centre du village sont facilement accessibles. Le service de conciergerie peut fournir des indications pr\u00e9cises, conseiller sur le stationnement ou organiser des transferts selon les besoins.<\/p>\n<p><strong>Peut-on combiner ski et \u00e9v\u00e9nements dans une m\u00eame journ\u00e9e ?<\/strong><\/p>\n<p>Absolument. La plupart des \u00e9v\u00e9nements ont lieu en fin d&rsquo;apr\u00e8s-midi ou en soir\u00e9e, permettant de profiter des pistes en journ\u00e9e. Une journ\u00e9e type pourrait inclure le ski le matin, un d\u00e9jeuner en altitude, un retour au chalet pour se reposer, puis une sortie pour assister \u00e0 un match de hockey ou un spectacle.<\/p>\n<p><strong>Que faire en cas de mauvais temps en janvier ?<\/strong><\/p>\n<p>La programmation culturelle et les animations en salle offrent d&rsquo;excellentes alternatives en cas de m\u00e9t\u00e9o d\u00e9favorable. Les expositions, la m\u00e9diath\u00e8que, l&rsquo;escape game et les spectacles permettent de passer des moments agr\u00e9ables \u00e0 l&rsquo;abri. Le Chalet Ararat avec sa piscine, son sauna et ses espaces de d\u00e9tente constitue \u00e9galement un refuge confortable.<\/p>\n<\/div>\n","protected":false},"excerpt":{"rendered":"<p>D\u00e9couvrez tous les \u00e9v\u00e9nements de janvier 2026 \u00e0 Meg\u00e8ve : ski de fond, hockey sur glace, expositions, spectacles. Programme complet pour votre s\u00e9jour.<\/p>\n","protected":false},"author":6,"featured_media":2571,"comment_status":"closed","ping_status":"open","sticky":false,"template":"","format":"standard","meta":{"footnotes":""},"categories":[44],"tags":[],"class_list":["post-2572","post","type-post","status-publish","format-standard","has-post-thumbnail","hentry","category-activites"],"yoast_head":"<!-- This site is optimized with the Yoast SEO plugin v27.3 - https:\/\/yoast.com\/product\/yoast-seo-wordpress\/ -->\n<title>\u00c9v\u00e9nements Janvier \u00e0 Meg\u00e8ve - Chalet Ararat<\/title>\n<meta name=\"description\" content=\"D\u00e9couvrez tous les \u00e9v\u00e9nements de janvier 2026 \u00e0 Meg\u00e8ve : ski de fond, hockey sur glace, expositions, spectacles. Programme complet pour votre s\u00e9jour.\" \/>\n<meta name=\"robots\" content=\"index, follow, max-snippet:-1, max-image-preview:large, max-video-preview:-1\" \/>\n<link rel=\"canonical\" href=\"https:\/\/chaletararatmegeve.com\/fr\/les-evenements-sportifs-culturels-et-familiaux-de-janvier-2026-a-megeve\/\" \/>\n<meta property=\"og:locale\" content=\"fr_FR\" \/>\n<meta property=\"og:type\" content=\"article\" \/>\n<meta property=\"og:title\" content=\"\u00c9v\u00e9nements Janvier \u00e0 Meg\u00e8ve - Chalet Ararat\" \/>\n<meta property=\"og:description\" content=\"D\u00e9couvrez tous les \u00e9v\u00e9nements de janvier 2026 \u00e0 Meg\u00e8ve : ski de fond, hockey sur glace, expositions, spectacles. Programme complet pour votre s\u00e9jour.\" \/>\n<meta property=\"og:url\" content=\"https:\/\/chaletararatmegeve.com\/fr\/les-evenements-sportifs-culturels-et-familiaux-de-janvier-2026-a-megeve\/\" \/>\n<meta property=\"og:site_name\" content=\"Chalet Ararat\" \/>\n<meta property=\"article:published_time\" content=\"2026-03-12T11:04:23+00:00\" \/>\n<meta property=\"article:modified_time\" content=\"2026-03-12T11:04:44+00:00\" \/>\n<meta property=\"og:image\" content=\"https:\/\/chaletararatmegeve.com\/wp-content\/uploads\/2026\/03\/file-1.jpeg\" \/>\n\t<meta property=\"og:image:width\" content=\"900\" \/>\n\t<meta property=\"og:image:height\" content=\"600\" \/>\n\t<meta property=\"og:image:type\" content=\"image\/jpeg\" \/>\n<meta name=\"author\" content=\"Alexandre\" \/>\n<meta name=\"twitter:card\" content=\"summary_large_image\" \/>\n<meta name=\"twitter:label1\" content=\"\u00c9crit par\" \/>\n\t<meta name=\"twitter:data1\" content=\"Alexandre\" \/>\n\t<meta name=\"twitter:label2\" content=\"Dur\u00e9e de lecture estim\u00e9e\" \/>\n\t<meta name=\"twitter:data2\" content=\"10 minutes\" \/>\n<script type=\"application\/ld+json\" class=\"yoast-schema-graph\">{\"@context\":\"https:\\\/\\\/schema.org\",\"@graph\":[{\"@type\":\"Article\",\"@id\":\"https:\\\/\\\/chaletararatmegeve.com\\\/les-evenements-sportifs-culturels-et-familiaux-de-janvier-2026-a-megeve\\\/#article\",\"isPartOf\":{\"@id\":\"https:\\\/\\\/chaletararatmegeve.com\\\/les-evenements-sportifs-culturels-et-familiaux-de-janvier-2026-a-megeve\\\/\"},\"author\":{\"name\":\"Alexandre\",\"@id\":\"https:\\\/\\\/chaletararatmegeve.com\\\/fr\\\/#\\\/schema\\\/person\\\/552ec7b445baf03ed62e6c37e77e2a98\"},\"headline\":\"Les \u00e9v\u00e9nements sportifs, culturels et familiaux de Janvier 2026 \u00e0 Meg\u00e8ve\",\"datePublished\":\"2026-03-12T11:04:23+00:00\",\"dateModified\":\"2026-03-12T11:04:44+00:00\",\"mainEntityOfPage\":{\"@id\":\"https:\\\/\\\/chaletararatmegeve.com\\\/les-evenements-sportifs-culturels-et-familiaux-de-janvier-2026-a-megeve\\\/\"},\"wordCount\":2056,\"publisher\":{\"@id\":\"https:\\\/\\\/chaletararatmegeve.com\\\/fr\\\/#organization\"},\"image\":{\"@id\":\"https:\\\/\\\/chaletararatmegeve.com\\\/les-evenements-sportifs-culturels-et-familiaux-de-janvier-2026-a-megeve\\\/#primaryimage\"},\"thumbnailUrl\":\"https:\\\/\\\/chaletararatmegeve.com\\\/wp-content\\\/uploads\\\/2026\\\/03\\\/file-1.jpeg\",\"articleSection\":[\"Activit\u00e9s\"],\"inLanguage\":\"fr-FR\"},{\"@type\":\"WebPage\",\"@id\":\"https:\\\/\\\/chaletararatmegeve.com\\\/les-evenements-sportifs-culturels-et-familiaux-de-janvier-2026-a-megeve\\\/\",\"url\":\"https:\\\/\\\/chaletararatmegeve.com\\\/les-evenements-sportifs-culturels-et-familiaux-de-janvier-2026-a-megeve\\\/\",\"name\":\"\u00c9v\u00e9nements Janvier \u00e0 Meg\u00e8ve - Chalet Ararat\",\"isPartOf\":{\"@id\":\"https:\\\/\\\/chaletararatmegeve.com\\\/fr\\\/#website\"},\"primaryImageOfPage\":{\"@id\":\"https:\\\/\\\/chaletararatmegeve.com\\\/les-evenements-sportifs-culturels-et-familiaux-de-janvier-2026-a-megeve\\\/#primaryimage\"},\"image\":{\"@id\":\"https:\\\/\\\/chaletararatmegeve.com\\\/les-evenements-sportifs-culturels-et-familiaux-de-janvier-2026-a-megeve\\\/#primaryimage\"},\"thumbnailUrl\":\"https:\\\/\\\/chaletararatmegeve.com\\\/wp-content\\\/uploads\\\/2026\\\/03\\\/file-1.jpeg\",\"datePublished\":\"2026-03-12T11:04:23+00:00\",\"dateModified\":\"2026-03-12T11:04:44+00:00\",\"description\":\"D\u00e9couvrez tous les \u00e9v\u00e9nements de janvier 2026 \u00e0 Meg\u00e8ve : ski de fond, hockey sur glace, expositions, spectacles. Programme complet pour votre s\u00e9jour.\",\"breadcrumb\":{\"@id\":\"https:\\\/\\\/chaletararatmegeve.com\\\/les-evenements-sportifs-culturels-et-familiaux-de-janvier-2026-a-megeve\\\/#breadcrumb\"},\"inLanguage\":\"fr-FR\",\"potentialAction\":[{\"@type\":\"ReadAction\",\"target\":[\"https:\\\/\\\/chaletararatmegeve.com\\\/les-evenements-sportifs-culturels-et-familiaux-de-janvier-2026-a-megeve\\\/\"]}]},{\"@type\":\"ImageObject\",\"inLanguage\":\"fr-FR\",\"@id\":\"https:\\\/\\\/chaletararatmegeve.com\\\/les-evenements-sportifs-culturels-et-familiaux-de-janvier-2026-a-megeve\\\/#primaryimage\",\"url\":\"https:\\\/\\\/chaletararatmegeve.com\\\/wp-content\\\/uploads\\\/2026\\\/03\\\/file-1.jpeg\",\"contentUrl\":\"https:\\\/\\\/chaletararatmegeve.com\\\/wp-content\\\/uploads\\\/2026\\\/03\\\/file-1.jpeg\",\"width\":900,\"height\":600,\"caption\":\"2022_CommuneDeMegeve_MarieBougault_WCMoguls-Samedi-49.jpg\"},{\"@type\":\"BreadcrumbList\",\"@id\":\"https:\\\/\\\/chaletararatmegeve.com\\\/les-evenements-sportifs-culturels-et-familiaux-de-janvier-2026-a-megeve\\\/#breadcrumb\",\"itemListElement\":[{\"@type\":\"ListItem\",\"position\":1,\"name\":\"Accueil\",\"item\":\"https:\\\/\\\/chaletararatmegeve.com\\\/\"},{\"@type\":\"ListItem\",\"position\":2,\"name\":\"Les \u00e9v\u00e9nements sportifs, culturels et familiaux de Janvier 2026 \u00e0 Meg\u00e8ve\"}]},{\"@type\":\"WebSite\",\"@id\":\"https:\\\/\\\/chaletararatmegeve.com\\\/fr\\\/#website\",\"url\":\"https:\\\/\\\/chaletararatmegeve.com\\\/fr\\\/\",\"name\":\"Chalet Ararat\",\"description\":\"Luxury Chalet in Meg\u00e8ve\",\"publisher\":{\"@id\":\"https:\\\/\\\/chaletararatmegeve.com\\\/fr\\\/#organization\"},\"potentialAction\":[{\"@type\":\"SearchAction\",\"target\":{\"@type\":\"EntryPoint\",\"urlTemplate\":\"https:\\\/\\\/chaletararatmegeve.com\\\/fr\\\/?s={search_term_string}\"},\"query-input\":{\"@type\":\"PropertyValueSpecification\",\"valueRequired\":true,\"valueName\":\"search_term_string\"}}],\"inLanguage\":\"fr-FR\"},{\"@type\":\"Organization\",\"@id\":\"https:\\\/\\\/chaletararatmegeve.com\\\/fr\\\/#organization\",\"name\":\"Chalet Ararat\",\"url\":\"https:\\\/\\\/chaletararatmegeve.com\\\/fr\\\/\",\"logo\":{\"@type\":\"ImageObject\",\"inLanguage\":\"fr-FR\",\"@id\":\"https:\\\/\\\/chaletararatmegeve.com\\\/fr\\\/#\\\/schema\\\/logo\\\/image\\\/\",\"url\":\"https:\\\/\\\/chaletararatmegeve.com\\\/wp-content\\\/uploads\\\/2024\\\/05\\\/chalet-ararat-logotype-or.svg\",\"contentUrl\":\"https:\\\/\\\/chaletararatmegeve.com\\\/wp-content\\\/uploads\\\/2024\\\/05\\\/chalet-ararat-logotype-or.svg\",\"width\":147,\"height\":47,\"caption\":\"Chalet Ararat\"},\"image\":{\"@id\":\"https:\\\/\\\/chaletararatmegeve.com\\\/fr\\\/#\\\/schema\\\/logo\\\/image\\\/\"}},{\"@type\":\"Person\",\"@id\":\"https:\\\/\\\/chaletararatmegeve.com\\\/fr\\\/#\\\/schema\\\/person\\\/552ec7b445baf03ed62e6c37e77e2a98\",\"name\":\"Alexandre\",\"image\":{\"@type\":\"ImageObject\",\"inLanguage\":\"fr-FR\",\"@id\":\"https:\\\/\\\/secure.gravatar.com\\\/avatar\\\/55244ddfeff4d10a2b06e42cb797fe918a336105b82b6f5201a3a07b1e4df8f9?s=96&d=mm&r=g\",\"url\":\"https:\\\/\\\/secure.gravatar.com\\\/avatar\\\/55244ddfeff4d10a2b06e42cb797fe918a336105b82b6f5201a3a07b1e4df8f9?s=96&d=mm&r=g\",\"contentUrl\":\"https:\\\/\\\/secure.gravatar.com\\\/avatar\\\/55244ddfeff4d10a2b06e42cb797fe918a336105b82b6f5201a3a07b1e4df8f9?s=96&d=mm&r=g\",\"caption\":\"Alexandre\"},\"url\":\"https:\\\/\\\/chaletararatmegeve.com\\\/fr\"}]}<\/script>\n<!-- \/ Yoast SEO plugin. -->","yoast_head_json":{"title":"\u00c9v\u00e9nements Janvier \u00e0 Meg\u00e8ve - Chalet Ararat","description":"D\u00e9couvrez tous les \u00e9v\u00e9nements de janvier 2026 \u00e0 Meg\u00e8ve : ski de fond, hockey sur glace, expositions, spectacles. Programme complet pour votre s\u00e9jour.","robots":{"index":"index","follow":"follow","max-snippet":"max-snippet:-1","max-image-preview":"max-image-preview:large","max-video-preview":"max-video-preview:-1"},"canonical":"https:\/\/chaletararatmegeve.com\/fr\/les-evenements-sportifs-culturels-et-familiaux-de-janvier-2026-a-megeve\/","og_locale":"fr_FR","og_type":"article","og_title":"\u00c9v\u00e9nements Janvier \u00e0 Meg\u00e8ve - Chalet Ararat","og_description":"D\u00e9couvrez tous les \u00e9v\u00e9nements de janvier 2026 \u00e0 Meg\u00e8ve : ski de fond, hockey sur glace, expositions, spectacles. Programme complet pour votre s\u00e9jour.","og_url":"https:\/\/chaletararatmegeve.com\/fr\/les-evenements-sportifs-culturels-et-familiaux-de-janvier-2026-a-megeve\/","og_site_name":"Chalet Ararat","article_published_time":"2026-03-12T11:04:23+00:00","article_modified_time":"2026-03-12T11:04:44+00:00","og_image":[{"width":900,"height":600,"url":"https:\/\/chaletararatmegeve.com\/wp-content\/uploads\/2026\/03\/file-1.jpeg","type":"image\/jpeg"}],"author":"Alexandre","twitter_card":"summary_large_image","twitter_misc":{"\u00c9crit par":"Alexandre","Dur\u00e9e de lecture estim\u00e9e":"10 minutes"},"schema":{"@context":"https:\/\/schema.org","@graph":[{"@type":"Article","@id":"https:\/\/chaletararatmegeve.com\/les-evenements-sportifs-culturels-et-familiaux-de-janvier-2026-a-megeve\/#article","isPartOf":{"@id":"https:\/\/chaletararatmegeve.com\/les-evenements-sportifs-culturels-et-familiaux-de-janvier-2026-a-megeve\/"},"author":{"name":"Alexandre","@id":"https:\/\/chaletararatmegeve.com\/fr\/#\/schema\/person\/552ec7b445baf03ed62e6c37e77e2a98"},"headline":"Les \u00e9v\u00e9nements sportifs, culturels et familiaux de Janvier 2026 \u00e0 Meg\u00e8ve","datePublished":"2026-03-12T11:04:23+00:00","dateModified":"2026-03-12T11:04:44+00:00","mainEntityOfPage":{"@id":"https:\/\/chaletararatmegeve.com\/les-evenements-sportifs-culturels-et-familiaux-de-janvier-2026-a-megeve\/"},"wordCount":2056,"publisher":{"@id":"https:\/\/chaletararatmegeve.com\/fr\/#organization"},"image":{"@id":"https:\/\/chaletararatmegeve.com\/les-evenements-sportifs-culturels-et-familiaux-de-janvier-2026-a-megeve\/#primaryimage"},"thumbnailUrl":"https:\/\/chaletararatmegeve.com\/wp-content\/uploads\/2026\/03\/file-1.jpeg","articleSection":["Activit\u00e9s"],"inLanguage":"fr-FR"},{"@type":"WebPage","@id":"https:\/\/chaletararatmegeve.com\/les-evenements-sportifs-culturels-et-familiaux-de-janvier-2026-a-megeve\/","url":"https:\/\/chaletararatmegeve.com\/les-evenements-sportifs-culturels-et-familiaux-de-janvier-2026-a-megeve\/","name":"\u00c9v\u00e9nements Janvier \u00e0 Meg\u00e8ve - Chalet Ararat","isPartOf":{"@id":"https:\/\/chaletararatmegeve.com\/fr\/#website"},"primaryImageOfPage":{"@id":"https:\/\/chaletararatmegeve.com\/les-evenements-sportifs-culturels-et-familiaux-de-janvier-2026-a-megeve\/#primaryimage"},"image":{"@id":"https:\/\/chaletararatmegeve.com\/les-evenements-sportifs-culturels-et-familiaux-de-janvier-2026-a-megeve\/#primaryimage"},"thumbnailUrl":"https:\/\/chaletararatmegeve.com\/wp-content\/uploads\/2026\/03\/file-1.jpeg","datePublished":"2026-03-12T11:04:23+00:00","dateModified":"2026-03-12T11:04:44+00:00","description":"D\u00e9couvrez tous les \u00e9v\u00e9nements de janvier 2026 \u00e0 Meg\u00e8ve : ski de fond, hockey sur glace, expositions, spectacles. Programme complet pour votre s\u00e9jour.","breadcrumb":{"@id":"https:\/\/chaletararatmegeve.com\/les-evenements-sportifs-culturels-et-familiaux-de-janvier-2026-a-megeve\/#breadcrumb"},"inLanguage":"fr-FR","potentialAction":[{"@type":"ReadAction","target":["https:\/\/chaletararatmegeve.com\/les-evenements-sportifs-culturels-et-familiaux-de-janvier-2026-a-megeve\/"]}]},{"@type":"ImageObject","inLanguage":"fr-FR","@id":"https:\/\/chaletararatmegeve.com\/les-evenements-sportifs-culturels-et-familiaux-de-janvier-2026-a-megeve\/#primaryimage","url":"https:\/\/chaletararatmegeve.com\/wp-content\/uploads\/2026\/03\/file-1.jpeg","contentUrl":"https:\/\/chaletararatmegeve.com\/wp-content\/uploads\/2026\/03\/file-1.jpeg","width":900,"height":600,"caption":"2022_CommuneDeMegeve_MarieBougault_WCMoguls-Samedi-49.jpg"},{"@type":"BreadcrumbList","@id":"https:\/\/chaletararatmegeve.com\/les-evenements-sportifs-culturels-et-familiaux-de-janvier-2026-a-megeve\/#breadcrumb","itemListElement":[{"@type":"ListItem","position":1,"name":"Accueil","item":"https:\/\/chaletararatmegeve.com\/"},{"@type":"ListItem","position":2,"name":"Les \u00e9v\u00e9nements sportifs, culturels et familiaux de Janvier 2026 \u00e0 Meg\u00e8ve"}]},{"@type":"WebSite","@id":"https:\/\/chaletararatmegeve.com\/fr\/#website","url":"https:\/\/chaletararatmegeve.com\/fr\/","name":"Chalet Ararat","description":"Luxury Chalet in Meg\u00e8ve","publisher":{"@id":"https:\/\/chaletararatmegeve.com\/fr\/#organization"},"potentialAction":[{"@type":"SearchAction","target":{"@type":"EntryPoint","urlTemplate":"https:\/\/chaletararatmegeve.com\/fr\/?s={search_term_string}"},"query-input":{"@type":"PropertyValueSpecification","valueRequired":true,"valueName":"search_term_string"}}],"inLanguage":"fr-FR"},{"@type":"Organization","@id":"https:\/\/chaletararatmegeve.com\/fr\/#organization","name":"Chalet Ararat","url":"https:\/\/chaletararatmegeve.com\/fr\/","logo":{"@type":"ImageObject","inLanguage":"fr-FR","@id":"https:\/\/chaletararatmegeve.com\/fr\/#\/schema\/logo\/image\/","url":"https:\/\/chaletararatmegeve.com\/wp-content\/uploads\/2024\/05\/chalet-ararat-logotype-or.svg","contentUrl":"https:\/\/chaletararatmegeve.com\/wp-content\/uploads\/2024\/05\/chalet-ararat-logotype-or.svg","width":147,"height":47,"caption":"Chalet Ararat"},"image":{"@id":"https:\/\/chaletararatmegeve.com\/fr\/#\/schema\/logo\/image\/"}},{"@type":"Person","@id":"https:\/\/chaletararatmegeve.com\/fr\/#\/schema\/person\/552ec7b445baf03ed62e6c37e77e2a98","name":"Alexandre","image":{"@type":"ImageObject","inLanguage":"fr-FR","@id":"https:\/\/secure.gravatar.com\/avatar\/55244ddfeff4d10a2b06e42cb797fe918a336105b82b6f5201a3a07b1e4df8f9?s=96&d=mm&r=g","url":"https:\/\/secure.gravatar.com\/avatar\/55244ddfeff4d10a2b06e42cb797fe918a336105b82b6f5201a3a07b1e4df8f9?s=96&d=mm&r=g","contentUrl":"https:\/\/secure.gravatar.com\/avatar\/55244ddfeff4d10a2b06e42cb797fe918a336105b82b6f5201a3a07b1e4df8f9?s=96&d=mm&r=g","caption":"Alexandre"},"url":"https:\/\/chaletararatmegeve.com\/fr"}]}},"_links":{"self":[{"href":"https:\/\/chaletararatmegeve.com\/fr\/wp-json\/wp\/v2\/posts\/2572","targetHints":{"allow":["GET"]}}],"collection":[{"href":"https:\/\/chaletararatmegeve.com\/fr\/wp-json\/wp\/v2\/posts"}],"about":[{"href":"https:\/\/chaletararatmegeve.com\/fr\/wp-json\/wp\/v2\/types\/post"}],"author":[{"embeddable":true,"href":"https:\/\/chaletararatmegeve.com\/fr\/wp-json\/wp\/v2\/users\/6"}],"replies":[{"embeddable":true,"href":"https:\/\/chaletararatmegeve.com\/fr\/wp-json\/wp\/v2\/comments?post=2572"}],"version-history":[{"count":1,"href":"https:\/\/chaletararatmegeve.com\/fr\/wp-json\/wp\/v2\/posts\/2572\/revisions"}],"predecessor-version":[{"id":2573,"href":"https:\/\/chaletararatmegeve.com\/fr\/wp-json\/wp\/v2\/posts\/2572\/revisions\/2573"}],"wp:featuredmedia":[{"embeddable":true,"href":"https:\/\/chaletararatmegeve.com\/fr\/wp-json\/wp\/v2\/media\/2571"}],"wp:attachment":[{"href":"https:\/\/chaletararatmegeve.com\/fr\/wp-json\/wp\/v2\/media?parent=2572"}],"wp:term":[{"taxonomy":"category","embeddable":true,"href":"https:\/\/chaletararatmegeve.com\/fr\/wp-json\/wp\/v2\/categories?post=2572"},{"taxonomy":"post_tag","embeddable":true,"href":"https:\/\/chaletararatmegeve.com\/fr\/wp-json\/wp\/v2\/tags?post=2572"}],"curies":[{"name":"wp","href":"https:\/\/api.w.org\/{rel}","templated":true}]}}